{"id":10067,"date":"2022-04-28T13:13:49","date_gmt":"2022-04-28T11:13:49","guid":{"rendered":"http:\/\/cms.mtsomnii.de\/w7\/kulinaria\/yeoldekitchen-com\/karotten-kohlrabi-salat-mit-frischer-petersilie-und-zitronendressing-10067\/"},"modified":"2022-04-28T13:13:49","modified_gmt":"2022-04-28T11:13:49","slug":"karotten-kohlrabi-salat-mit-frischer-petersilie-und-zitronendressing","status":"publish","type":"post","link":"http:\/\/cms.mtsomnii.de\/w7\/kulinaria\/yeoldekitchen-com\/karotten-kohlrabi-salat-mit-frischer-petersilie-und-zitronendressing-10067\/","title":{"rendered":"Karotten-Kohlrabi-Salat mit frischer Petersilie und Zitronendressing"},"content":{"rendered":"<div>\n<p>Die Fr\u00fchlingsrunde von <strong>Saisonal schmeckt&#8217;s besser &#8211; der Foodbloggersaisonkalender<\/strong> steht an und das nehmen wir zum Anlass f\u00fcr ein neues schnelles Salatrezept.\u00a0<\/p>\n<p>H\u00e4tten wir nur endlich mal unser Fr\u00fchbeet aktiviert, k\u00f6nnten wir jetzt schon unsere eigenen <strong>Salate<\/strong> und <strong>Kohlrabi<\/strong> ernten. Vielleicht schaffen wir es im n\u00e4chsten Jahr. Daf\u00fcr sprie\u00dft bei uns im Garten schon herrlich die <strong>Petersilie<\/strong>, <strong>Schnittlauch<\/strong> und <strong>Fr\u00fchlingszwiebeln<\/strong> haben wir auch schon geerntet. Unser absoluter Liebling in der K\u00fcche ist gerade Kohlrabi: gekocht mit viel Petersilie oder roh als Salat.\u00a0<\/p>\n<p>Was sonst noch so im Fr\u00fchling Saison hat, ist nat\u00fcrlich <strong>B\u00e4rlauch, Blumenkohl, Lauch, Mangold, Portulak, Radieschen, Rhabarber, Schalotten, Spargel, Spinat, Spitzkohl und Wirsing<\/strong>. Ihr seht, man kann schon wieder einiges an saisonalem Gem\u00fcse verarbeiten.\u00a0<\/p>\n<\/p>\n<p>Und auch dieses Mal sind wir total leckere Rezepte zusammen gekommen:<\/p>\n<p>Volkermampft <a title=\"Volker mampft\" href=\"https:\/\/volkermampft.de\/baerlauch-risotto-fruehlingshafter-genuss\" target=\"_blank\" rel=\"noopener\">B\u00e4rlauch Risotto &#8211; fr\u00fchlingshafter Genuss<\/a><\/p>\n<p>thecookingknitter <a title=\"the cooking knitter\" href=\"https:\/\/www.thecookingknitter.com\/baerlauchwaffeln-mit-speck\/\" target=\"_blank\" rel=\"noopener\">B\u00e4rlauchwaffeln mit Speck<\/a><\/p>\n<p>Pottgew\u00e4chs <a title=\"Pottgew\u00e4chs\" href=\"https:\/\/www.pottgewaechs.de\/kartoffelsalat-mit-baerlauch-mayonnaise-und-spargel\" target=\"_blank\" rel=\"noopener\">Kartoffelsalat mit B\u00e4rlauch Mayonnaise und Spargel<\/a><\/p>\n<p>Obers trifft Sahne <a title=\"Obers trifft Sahne\" href=\"https:\/\/www.oberstrifftsahne.com\/2022\/04\/saisonal-schmeckst-besser.html\" target=\"_blank\" rel=\"noopener\">Spargel-Muffins mit Wildkr\u00e4uterdipp<\/a><\/p>\n<p>Kleines Kuliversum <a title=\"Kleines Kuliversum\" href=\"https:\/\/www.kleineskuliversum.com\/baerlauch-gnocchi\/\" target=\"_blank\" rel=\"noopener\">B\u00e4rlauch Gnocchi<\/a><\/p>\n<p>evchenkocht <a title=\"evchenkocht\" href=\"https:\/\/evchenkocht.de\/geroestete-radieschen-mit-misobutter\/\" target=\"_blank\" rel=\"noopener\">Ger\u00f6stete Radieschen mit Miso-Butter<\/a><\/p>\n<p>M\u00f6hreneck <a title=\"M\u00f6hreneck\" href=\"https:\/\/www.moehreneck.de\/2022\/04\/28\/vegane-spitzkohlpfanne\/\" target=\"_blank\" rel=\"noopener\">vegane Spitzkohlpfanne<\/a><\/p>\n<p>Brotwein <a title=\"Brotwein\" href=\"https:\/\/brotwein.net\/rhabarber-baiser-kuchen-5872\" target=\"_blank\" rel=\"noopener\">Rhabarber Baiser Kuchen<\/a><\/p>\n<p>Jankes Seelenschmaus <a title=\"Jankes Seelenschmaus\" href=\"https:\/\/www.jankes-seelenschmaus.de\/2022\/04\/fruehlingsgemuese-bowl.html\" target=\"_blank\" rel=\"noopener\">Fr\u00fchlingsgem\u00fcse-Bowl mit Lachs &amp; Kr\u00e4utersauce<\/a><\/p>\n<p>USA kulinarisch <a title=\"USA kulinarisch\" href=\"https:\/\/www.usa-kulinarisch.de\/rezept\/pasta-primavera-mit-spargel\/\" target=\"_blank\" rel=\"noopener\">Pasta Primavera mit Spargel &amp; Spinat<\/a><\/p>\n<p>K\u00fcchenlatein <a title=\"K\u00fcchenlatein\" href=\"https:\/\/kuechenlatein.com\/kraeuter-radieschensalat-mit-feta-und-walnuss\/\" target=\"_blank\" rel=\"noopener\">Kr\u00e4uter-Radieschensalat mit Feta und Walnuss<\/a><\/p>\n<p>\u00a0<\/p>\n<\/div>\n","protected":false},"excerpt":{"rendered":"<div>\n<p>Die Fr\u00fchlingsrunde von <strong>Saisonal schmeckt&#8217;s besser &#8211; der Foodbloggersaisonkalender<\/strong> steht an und das nehmen wir zum Anlass f\u00fcr ein neues schnelles Salatrezept.\u00a0<\/p>\n<p>H\u00e4tten wir nur endlich mal unser Fr\u00fchbeet aktiviert, k\u00f6nnten wir jetzt schon unsere eigenen <strong>Salate<\/strong> und <strong>Kohlrabi<\/strong> ernten. Vielleicht schaffen wir es im n\u00e4chsten Jahr. Daf\u00fcr sprie\u00dft bei uns im Garten schon herrlich die <strong>Petersilie<\/strong>, <strong>Schnittlauch<\/strong> und <strong>Fr\u00fchlingszwiebeln<\/strong> haben wir auch schon geerntet. Unser absoluter Liebling in der K\u00fcche ist gerade Kohlrabi: gekocht mit viel Petersilie oder roh als Salat.\u00a0<\/p>\n<p>Was sonst noch so im Fr\u00fchling Saison hat, ist nat\u00fcrlich <strong>B\u00e4rlauch, Blumenkohl, Lauch, Mangold, Portulak, Radieschen, Rhabarber, Schalotten, Spargel, Spinat, Spitzkohl und Wirsing<\/strong>. Ihr seht, man kann schon wieder einiges an saisonalem Gem\u00fcse verarbeiten.\u00a0<\/p>\n<p><img loading=\"lazy\" class=\"leftAlone\" title=\"\" src=\"https:\/\/yeoldekitchen.com\/assets\/Uploads\/_resampled\/ResizedImageWzYwMCw5MDBd\/Salat-von-Karotten-und-Kohlrabi.jpg\" alt=\"Salat von Karotten und Kohlrabi\" width=\"600\" height=\"900\"><\/p>\n<p>Und auch dieses Mal sind wir total leckere Rezepte zusammen gekommen:<\/p>\n<p>Volkermampft <a title=\"Volker mampft\" href=\"https:\/\/volkermampft.de\/baerlauch-risotto-fruehlingshafter-genuss\" target=\"_blank\" rel=\"noopener\">B\u00e4rlauch Risotto &#8211; fr\u00fchlingshafter Genuss<\/a><\/p>\n<p>thecookingknitter <a title=\"the cooking knitter\" href=\"https:\/\/www.thecookingknitter.com\/baerlauchwaffeln-mit-speck\/\" target=\"_blank\" rel=\"noopener\">B\u00e4rlauchwaffeln mit Speck<\/a><\/p>\n<p>Pottgew\u00e4chs <a title=\"Pottgew\u00e4chs\" href=\"https:\/\/www.pottgewaechs.de\/kartoffelsalat-mit-baerlauch-mayonnaise-und-spargel\" target=\"_blank\" rel=\"noopener\">Kartoffelsalat mit B\u00e4rlauch Mayonnaise und Spargel<\/a><\/p>\n<p>Obers trifft Sahne <a title=\"Obers trifft Sahne\" href=\"https:\/\/www.oberstrifftsahne.com\/2022\/04\/saisonal-schmeckst-besser.html\" target=\"_blank\" rel=\"noopener\">Spargel-Muffins mit Wildkr\u00e4uterdipp<\/a><\/p>\n<p>Kleines Kuliversum <a title=\"Kleines Kuliversum\" href=\"https:\/\/www.kleineskuliversum.com\/baerlauch-gnocchi\/\" target=\"_blank\" rel=\"noopener\">B\u00e4rlauch Gnocchi<\/a><\/p>\n<p>evchenkocht <a title=\"evchenkocht\" href=\"https:\/\/evchenkocht.de\/geroestete-radieschen-mit-misobutter\/\" target=\"_blank\" rel=\"noopener\">Ger\u00f6stete Radieschen mit Miso-Butter<\/a><\/p>\n<p>M\u00f6hreneck <a title=\"M\u00f6hreneck\" href=\"https:\/\/www.moehreneck.de\/2022\/04\/28\/vegane-spitzkohlpfanne\/\" target=\"_blank\" rel=\"noopener\">vegane Spitzkohlpfanne<\/a><\/p>\n<p>Brotwein <a title=\"Brotwein\" href=\"https:\/\/brotwein.net\/rhabarber-baiser-kuchen-5872\" target=\"_blank\" rel=\"noopener\">Rhabarber Baiser Kuchen<\/a><\/p>\n<p>Jankes Seelenschmaus <a title=\"Jankes Seelenschmaus\" href=\"https:\/\/www.jankes-seelenschmaus.de\/2022\/04\/fruehlingsgemuese-bowl.html\" target=\"_blank\" rel=\"noopener\">Fr\u00fchlingsgem\u00fcse-Bowl mit Lachs &amp; Kr\u00e4utersauce<\/a><\/p>\n<p>USA kulinarisch <a title=\"USA kulinarisch\" href=\"https:\/\/www.usa-kulinarisch.de\/rezept\/pasta-primavera-mit-spargel\/\" target=\"_blank\" rel=\"noopener\">Pasta Primavera mit Spargel &amp; Spinat<\/a><\/p>\n<p>K\u00fcchenlatein <a title=\"K\u00fcchenlatein\" href=\"https:\/\/kuechenlatein.com\/kraeuter-radieschensalat-mit-feta-und-walnuss\/\" target=\"_blank\" rel=\"noopener\">Kr\u00e4uter-Radieschensalat mit Feta und Walnuss<\/a><\/p>\n<p>\u00a0<\/p>\n<\/div>\n","protected":false},"author":8,"featured_media":0,"comment_status":"closed","ping_status":"open","sticky":false,"template":"","format":"standard","meta":[],"categories":[98],"tags":[],"_links":{"self":[{"href":"http:\/\/cms.mtsomnii.de\/w7\/wp-json\/wp\/v2\/posts\/10067"}],"collection":[{"href":"http:\/\/cms.mtsomnii.de\/w7\/wp-json\/wp\/v2\/posts"}],"about":[{"href":"http:\/\/cms.mtsomnii.de\/w7\/wp-json\/wp\/v2\/types\/post"}],"author":[{"embeddable":true,"href":"http:\/\/cms.mtsomnii.de\/w7\/wp-json\/wp\/v2\/users\/8"}],"replies":[{"embeddable":true,"href":"http:\/\/cms.mtsomnii.de\/w7\/wp-json\/wp\/v2\/comments?post=10067"}],"version-history":[{"count":0,"href":"http:\/\/cms.mtsomnii.de\/w7\/wp-json\/wp\/v2\/posts\/10067\/revisions"}],"wp:attachment":[{"href":"http:\/\/cms.mtsomnii.de\/w7\/wp-json\/wp\/v2\/media?parent=10067"}],"wp:term":[{"taxonomy":"category","embeddable":true,"href":"http:\/\/cms.mtsomnii.de\/w7\/wp-json\/wp\/v2\/categories?post=10067"},{"taxonomy":"post_tag","embeddable":true,"href":"http:\/\/cms.mtsomnii.de\/w7\/wp-json\/wp\/v2\/tags?post=10067"}],"curies":[{"name":"wp","href":"https:\/\/api.w.org\/{rel}","templated":true}]}}