{"id":10074,"date":"2022-04-29T16:36:03","date_gmt":"2022-04-29T14:36:03","guid":{"rendered":"http:\/\/cms.mtsomnii.de\/w7\/merkur-de-gap\/distanzunterricht-fuer-schueler-91511313-html-10074\/"},"modified":"2022-04-29T16:36:03","modified_gmt":"2022-04-29T14:36:03","slug":"distanzunterricht-fuer-schueler-91511313-html","status":"publish","type":"post","link":"http:\/\/cms.mtsomnii.de\/w7\/merkur-de-gap\/distanzunterricht-fuer-schueler-91511313-html-10074\/","title":{"rendered":"G7-Gipfel: Distanzunterricht f\u00fcr alle Sch\u00fcler &#8211; Nur Pr\u00fcflinge m\u00fcssen in die Schule"},"content":{"rendered":"<div>Wegen des G7-Gipfels im Schloss Elmau m\u00fcssen alle Sch\u00fcler des Landkreises f\u00fcr drei Tage in den Distanzunterricht. Nur Pr\u00fcflinge m\u00fcssen in Schule.<\/div>\n","protected":false},"excerpt":{"rendered":"<p>Wegen des G7-Gipfels im Schloss Elmau m\u00fcssen alle Sch\u00fcler des Landkreises f\u00fcr drei Tage in den Distanzunterricht. Nur Pr\u00fcflinge m\u00fcssen in Schule.<\/p>\n","protected":false},"author":5,"featured_media":0,"comment_status":"closed","ping_status":"open","sticky":false,"template":"","format":"standard","meta":[],"categories":[5],"tags":[],"_links":{"self":[{"href":"http:\/\/cms.mtsomnii.de\/w7\/wp-json\/wp\/v2\/posts\/10074"}],"collection":[{"href":"http:\/\/cms.mtsomnii.de\/w7\/wp-json\/wp\/v2\/posts"}],"about":[{"href":"http:\/\/cms.mtsomnii.de\/w7\/wp-json\/wp\/v2\/types\/post"}],"author":[{"embeddable":true,"href":"http:\/\/cms.mtsomnii.de\/w7\/wp-json\/wp\/v2\/users\/5"}],"replies":[{"embeddable":true,"href":"http:\/\/cms.mtsomnii.de\/w7\/wp-json\/wp\/v2\/comments?post=10074"}],"version-history":[{"count":0,"href":"http:\/\/cms.mtsomnii.de\/w7\/wp-json\/wp\/v2\/posts\/10074\/revisions"}],"wp:attachment":[{"href":"http:\/\/cms.mtsomnii.de\/w7\/wp-json\/wp\/v2\/media?parent=10074"}],"wp:term":[{"taxonomy":"category","embeddable":true,"href":"http:\/\/cms.mtsomnii.de\/w7\/wp-json\/wp\/v2\/categories?post=10074"},{"taxonomy":"post_tag","embeddable":true,"href":"http:\/\/cms.mtsomnii.de\/w7\/wp-json\/wp\/v2\/tags?post=10074"}],"curies":[{"name":"wp","href":"https:\/\/api.w.org\/{rel}","templated":true}]}}