{"id":10079,"date":"2022-05-01T10:36:27","date_gmt":"2022-05-01T08:36:27","guid":{"rendered":"http:\/\/cms.mtsomnii.de\/w7\/merkur-de-gap\/motorradfahrer-stuerzt-am-kesselberg-maschine-gegen-felswand-91513695-html-10079\/"},"modified":"2022-05-01T10:36:27","modified_gmt":"2022-05-01T08:36:27","slug":"motorradfahrer-stuerzt-am-kesselberg-maschine-gegen-felswand-91513695-html","status":"publish","type":"post","link":"http:\/\/cms.mtsomnii.de\/w7\/merkur-de-gap\/motorradfahrer-stuerzt-am-kesselberg-maschine-gegen-felswand-91513695-html-10079\/","title":{"rendered":"Motorradfahrer st\u00fcrzt am Kesselberg &#8211; Maschine prallt gegen Felswand"},"content":{"rendered":"<div>Gl\u00fcck im Ungl\u00fcck hatte ein 22-J\u00e4hriger aus Garmisch-Partenkirchen am Freitagabend bei einem Unfall am Kesselberg &#8211; auch wenn sein Motorrad jetzt nur noch Schrottwert hat.<\/div>\n","protected":false},"excerpt":{"rendered":"<p>Gl\u00fcck im Ungl\u00fcck hatte ein 22-J\u00e4hriger aus Garmisch-Partenkirchen am Freitagabend bei einem Unfall am Kesselberg &#8211; auch wenn sein Motorrad jetzt nur noch Schrottwert hat.<\/p>\n","protected":false},"author":5,"featured_media":0,"comment_status":"closed","ping_status":"open","sticky":false,"template":"","format":"standard","meta":[],"categories":[5],"tags":[],"_links":{"self":[{"href":"http:\/\/cms.mtsomnii.de\/w7\/wp-json\/wp\/v2\/posts\/10079"}],"collection":[{"href":"http:\/\/cms.mtsomnii.de\/w7\/wp-json\/wp\/v2\/posts"}],"about":[{"href":"http:\/\/cms.mtsomnii.de\/w7\/wp-json\/wp\/v2\/types\/post"}],"author":[{"embeddable":true,"href":"http:\/\/cms.mtsomnii.de\/w7\/wp-json\/wp\/v2\/users\/5"}],"replies":[{"embeddable":true,"href":"http:\/\/cms.mtsomnii.de\/w7\/wp-json\/wp\/v2\/comments?post=10079"}],"version-history":[{"count":0,"href":"http:\/\/cms.mtsomnii.de\/w7\/wp-json\/wp\/v2\/posts\/10079\/revisions"}],"wp:attachment":[{"href":"http:\/\/cms.mtsomnii.de\/w7\/wp-json\/wp\/v2\/media?parent=10079"}],"wp:term":[{"taxonomy":"category","embeddable":true,"href":"http:\/\/cms.mtsomnii.de\/w7\/wp-json\/wp\/v2\/categories?post=10079"},{"taxonomy":"post_tag","embeddable":true,"href":"http:\/\/cms.mtsomnii.de\/w7\/wp-json\/wp\/v2\/tags?post=10079"}],"curies":[{"name":"wp","href":"https:\/\/api.w.org\/{rel}","templated":true}]}}