{"id":10080,"date":"2022-05-01T18:00:00","date_gmt":"2022-05-01T16:00:00","guid":{"rendered":"http:\/\/cms.mtsomnii.de\/w7\/merkur-de-gap\/betrunkener-bergsteiger-91514399-html-10080\/"},"modified":"2022-05-01T18:00:00","modified_gmt":"2022-05-01T16:00:00","slug":"betrunkener-bergsteiger-91514399-html","status":"publish","type":"post","link":"http:\/\/cms.mtsomnii.de\/w7\/merkur-de-gap\/betrunkener-bergsteiger-91514399-html-10080\/","title":{"rendered":"Betrunkener Bergsteiger st\u00fcrzt ab"},"content":{"rendered":"<div>Garmisch-Partenkirchen &#8211; Eine feuchtfr\u00f6hliche Feier in der Tannenh\u00fctte bei Garmisch-Partenkirchen ist am Wochenende in der Nacht auf Sonntag einem Wanderer aus dem Landkreis zum Verh\u00e4ngnis geworden.<\/div>\n","protected":false},"excerpt":{"rendered":"<p>Garmisch-Partenkirchen &#8211; Eine feuchtfr\u00f6hliche Feier in der Tannenh\u00fctte bei Garmisch-Partenkirchen ist am Wochenende in der Nacht auf Sonntag einem Wanderer aus dem Landkreis zum Verh\u00e4ngnis geworden.<\/p>\n","protected":false},"author":5,"featured_media":0,"comment_status":"closed","ping_status":"open","sticky":false,"template":"","format":"standard","meta":[],"categories":[5],"tags":[],"_links":{"self":[{"href":"http:\/\/cms.mtsomnii.de\/w7\/wp-json\/wp\/v2\/posts\/10080"}],"collection":[{"href":"http:\/\/cms.mtsomnii.de\/w7\/wp-json\/wp\/v2\/posts"}],"about":[{"href":"http:\/\/cms.mtsomnii.de\/w7\/wp-json\/wp\/v2\/types\/post"}],"author":[{"embeddable":true,"href":"http:\/\/cms.mtsomnii.de\/w7\/wp-json\/wp\/v2\/users\/5"}],"replies":[{"embeddable":true,"href":"http:\/\/cms.mtsomnii.de\/w7\/wp-json\/wp\/v2\/comments?post=10080"}],"version-history":[{"count":0,"href":"http:\/\/cms.mtsomnii.de\/w7\/wp-json\/wp\/v2\/posts\/10080\/revisions"}],"wp:attachment":[{"href":"http:\/\/cms.mtsomnii.de\/w7\/wp-json\/wp\/v2\/media?parent=10080"}],"wp:term":[{"taxonomy":"category","embeddable":true,"href":"http:\/\/cms.mtsomnii.de\/w7\/wp-json\/wp\/v2\/categories?post=10080"},{"taxonomy":"post_tag","embeddable":true,"href":"http:\/\/cms.mtsomnii.de\/w7\/wp-json\/wp\/v2\/tags?post=10080"}],"curies":[{"name":"wp","href":"https:\/\/api.w.org\/{rel}","templated":true}]}}