{"id":10094,"date":"2022-05-02T11:43:25","date_gmt":"2022-05-02T09:43:25","guid":{"rendered":"http:\/\/cms.mtsomnii.de\/w7\/merkur-de-gap\/g7-2022-elmau-garmisch-partenkirchen-distanzunterricht-schueler-abschlusspruefung-91511313-html-10094\/"},"modified":"2022-05-02T11:43:25","modified_gmt":"2022-05-02T09:43:25","slug":"g7-2022-elmau-garmisch-partenkirchen-distanzunterricht-schueler-abschlusspruefung-91511313-html","status":"publish","type":"post","link":"http:\/\/cms.mtsomnii.de\/w7\/merkur-de-gap\/g7-2022-elmau-garmisch-partenkirchen-distanzunterricht-schueler-abschlusspruefung-91511313-html-10094\/","title":{"rendered":"G7-Gipfel in Elmau: Sch\u00fcler m\u00fcssen in Distanzunterricht &#8211; und Eltern haben wieder mal ein Betreuungsproblem"},"content":{"rendered":"<div>Wegen des G7-Gipfels im Schloss Elmau m\u00fcssen alle Sch\u00fcler des Landkreises Garmisch-Partenkirchen f\u00fcr drei Tage in den Distanzunterricht.<\/div>\n","protected":false},"excerpt":{"rendered":"<p>Wegen des G7-Gipfels im Schloss Elmau m\u00fcssen alle Sch\u00fcler des Landkreises Garmisch-Partenkirchen f\u00fcr drei Tage in den Distanzunterricht.<\/p>\n","protected":false},"author":5,"featured_media":0,"comment_status":"closed","ping_status":"open","sticky":false,"template":"","format":"standard","meta":[],"categories":[5],"tags":[],"_links":{"self":[{"href":"http:\/\/cms.mtsomnii.de\/w7\/wp-json\/wp\/v2\/posts\/10094"}],"collection":[{"href":"http:\/\/cms.mtsomnii.de\/w7\/wp-json\/wp\/v2\/posts"}],"about":[{"href":"http:\/\/cms.mtsomnii.de\/w7\/wp-json\/wp\/v2\/types\/post"}],"author":[{"embeddable":true,"href":"http:\/\/cms.mtsomnii.de\/w7\/wp-json\/wp\/v2\/users\/5"}],"replies":[{"embeddable":true,"href":"http:\/\/cms.mtsomnii.de\/w7\/wp-json\/wp\/v2\/comments?post=10094"}],"version-history":[{"count":0,"href":"http:\/\/cms.mtsomnii.de\/w7\/wp-json\/wp\/v2\/posts\/10094\/revisions"}],"wp:attachment":[{"href":"http:\/\/cms.mtsomnii.de\/w7\/wp-json\/wp\/v2\/media?parent=10094"}],"wp:term":[{"taxonomy":"category","embeddable":true,"href":"http:\/\/cms.mtsomnii.de\/w7\/wp-json\/wp\/v2\/categories?post=10094"},{"taxonomy":"post_tag","embeddable":true,"href":"http:\/\/cms.mtsomnii.de\/w7\/wp-json\/wp\/v2\/tags?post=10094"}],"curies":[{"name":"wp","href":"https:\/\/api.w.org\/{rel}","templated":true}]}}