{"id":10455,"date":"2022-05-23T12:42:30","date_gmt":"2022-05-23T10:42:30","guid":{"rendered":"http:\/\/cms.mtsomnii.de\/w7\/merkur-de-gap\/g7-gipfel-elmau-buergermeister-schwarzenberger-erinnerungen-obama-weissbierglas-2015-91564282-html-2-10455\/"},"modified":"2022-05-23T12:42:30","modified_gmt":"2022-05-23T10:42:30","slug":"g7-gipfel-elmau-buergermeister-schwarzenberger-erinnerungen-obama-weissbierglas-2015-91564282-html-2","status":"publish","type":"post","link":"http:\/\/cms.mtsomnii.de\/w7\/merkur-de-gap\/g7-gipfel-elmau-buergermeister-schwarzenberger-erinnerungen-obama-weissbierglas-2015-91564282-html-2-10455\/","title":{"rendered":"Bilderbuch-Gipfel 2015: Kr\u00fcns B\u00fcrgermeister schwelgt in Erinnerungen \u2013 das passierte mit Obamas Wei\u00dfbierglas"},"content":{"rendered":"<div>Bereits zum zweiten Mal darf Kr\u00fcns B\u00fcrgermeister Thomas Schwarzenberger 2022 Gastgeber des G7-Gipfels in Elmau sein. An den letzten im Jahr 2015 erinnert er sich gern.<\/div>\n","protected":false},"excerpt":{"rendered":"<p>Bereits zum zweiten Mal darf Kr\u00fcns B\u00fcrgermeister Thomas Schwarzenberger 2022 Gastgeber des G7-Gipfels in Elmau sein. An den letzten im Jahr 2015 erinnert er sich gern.<\/p>\n","protected":false},"author":5,"featured_media":0,"comment_status":"closed","ping_status":"open","sticky":false,"template":"","format":"standard","meta":[],"categories":[5],"tags":[],"_links":{"self":[{"href":"http:\/\/cms.mtsomnii.de\/w7\/wp-json\/wp\/v2\/posts\/10455"}],"collection":[{"href":"http:\/\/cms.mtsomnii.de\/w7\/wp-json\/wp\/v2\/posts"}],"about":[{"href":"http:\/\/cms.mtsomnii.de\/w7\/wp-json\/wp\/v2\/types\/post"}],"author":[{"embeddable":true,"href":"http:\/\/cms.mtsomnii.de\/w7\/wp-json\/wp\/v2\/users\/5"}],"replies":[{"embeddable":true,"href":"http:\/\/cms.mtsomnii.de\/w7\/wp-json\/wp\/v2\/comments?post=10455"}],"version-history":[{"count":0,"href":"http:\/\/cms.mtsomnii.de\/w7\/wp-json\/wp\/v2\/posts\/10455\/revisions"}],"wp:attachment":[{"href":"http:\/\/cms.mtsomnii.de\/w7\/wp-json\/wp\/v2\/media?parent=10455"}],"wp:term":[{"taxonomy":"category","embeddable":true,"href":"http:\/\/cms.mtsomnii.de\/w7\/wp-json\/wp\/v2\/categories?post=10455"},{"taxonomy":"post_tag","embeddable":true,"href":"http:\/\/cms.mtsomnii.de\/w7\/wp-json\/wp\/v2\/tags?post=10455"}],"curies":[{"name":"wp","href":"https:\/\/api.w.org\/{rel}","templated":true}]}}