{"id":10472,"date":"2022-05-25T06:08:00","date_gmt":"2022-05-25T04:08:00","guid":{"rendered":"http:\/\/cms.mtsomnii.de\/w7\/merkur-de-gap\/autobahn-dobrindt-bayern-tunnel-eroeffnung-oberau-zweiklassengesellschaft-festakt-91558878-html-10472\/"},"modified":"2022-05-25T06:08:00","modified_gmt":"2022-05-25T04:08:00","slug":"autobahn-dobrindt-bayern-tunnel-eroeffnung-oberau-zweiklassengesellschaft-festakt-91558878-html","status":"publish","type":"post","link":"http:\/\/cms.mtsomnii.de\/w7\/merkur-de-gap\/autobahn-dobrindt-bayern-tunnel-eroeffnung-oberau-zweiklassengesellschaft-festakt-91558878-html-10472\/","title":{"rendered":"\u201eZweiklassengesellschaft\u201c bei Tunnel-Er\u00f6ffnung: B\u00fcrger zu Festakt nicht eingeladen"},"content":{"rendered":"<div>Der gro\u00dfe Tag steht kurz bevor: Am Vatertag wird der Tunnel Oberau er\u00f6ffnet. Statt Freude \u00fcberwiegt bei den B\u00fcrgern aber gerade eher Entt\u00e4uschung.<\/div>\n","protected":false},"excerpt":{"rendered":"<p>Der gro\u00dfe Tag steht kurz bevor: Am Vatertag wird der Tunnel Oberau er\u00f6ffnet. Statt Freude \u00fcberwiegt bei den B\u00fcrgern aber gerade eher Entt\u00e4uschung.<\/p>\n","protected":false},"author":5,"featured_media":0,"comment_status":"closed","ping_status":"open","sticky":false,"template":"","format":"standard","meta":[],"categories":[5],"tags":[],"_links":{"self":[{"href":"http:\/\/cms.mtsomnii.de\/w7\/wp-json\/wp\/v2\/posts\/10472"}],"collection":[{"href":"http:\/\/cms.mtsomnii.de\/w7\/wp-json\/wp\/v2\/posts"}],"about":[{"href":"http:\/\/cms.mtsomnii.de\/w7\/wp-json\/wp\/v2\/types\/post"}],"author":[{"embeddable":true,"href":"http:\/\/cms.mtsomnii.de\/w7\/wp-json\/wp\/v2\/users\/5"}],"replies":[{"embeddable":true,"href":"http:\/\/cms.mtsomnii.de\/w7\/wp-json\/wp\/v2\/comments?post=10472"}],"version-history":[{"count":0,"href":"http:\/\/cms.mtsomnii.de\/w7\/wp-json\/wp\/v2\/posts\/10472\/revisions"}],"wp:attachment":[{"href":"http:\/\/cms.mtsomnii.de\/w7\/wp-json\/wp\/v2\/media?parent=10472"}],"wp:term":[{"taxonomy":"category","embeddable":true,"href":"http:\/\/cms.mtsomnii.de\/w7\/wp-json\/wp\/v2\/categories?post=10472"},{"taxonomy":"post_tag","embeddable":true,"href":"http:\/\/cms.mtsomnii.de\/w7\/wp-json\/wp\/v2\/tags?post=10472"}],"curies":[{"name":"wp","href":"https:\/\/api.w.org\/{rel}","templated":true}]}}