{"id":10477,"date":"2022-05-25T10:00:00","date_gmt":"2022-05-25T08:00:00","guid":{"rendered":"http:\/\/cms.mtsomnii.de\/w7\/merkur-de-gap\/radausflug-in-oberau-endete-im-klinikum-zwei-radfahrer-kollidierten-und-erlitten-schwere-verletzungen-91570739-html-2-10477\/"},"modified":"2022-05-25T10:00:00","modified_gmt":"2022-05-25T08:00:00","slug":"radausflug-in-oberau-endete-im-klinikum-zwei-radfahrer-kollidierten-und-erlitten-schwere-verletzungen-91570739-html-2","status":"publish","type":"post","link":"http:\/\/cms.mtsomnii.de\/w7\/merkur-de-gap\/radausflug-in-oberau-endete-im-klinikum-zwei-radfahrer-kollidierten-und-erlitten-schwere-verletzungen-91570739-html-2-10477\/","title":{"rendered":"Radausflug endete im Klinikum: Zwei Radfahrer kollidierten in Oberau"},"content":{"rendered":"<div>Oberau &#8211; Gestern Abend gegen 18 Uhr kam es in Oberau zu einem Verkehrsunfall zwischen zwei Radfahrern. Beide waren mit ihren Rennr\u00e4dern an der Loisach unterwegs. Aus bislang ungekl\u00e4rter Ursache kam es zur Kollision zwischen dem 56-j\u00e4hrigen aus Oberau und einem 47-j\u00e4hrigen Uffinger.<\/div>\n","protected":false},"excerpt":{"rendered":"<p>Oberau &#8211; Gestern Abend gegen 18 Uhr kam es in Oberau zu einem Verkehrsunfall zwischen zwei Radfahrern. Beide waren mit ihren Rennr\u00e4dern an der Loisach unterwegs. Aus bislang ungekl\u00e4rter Ursache kam es zur Kollision zwischen dem 56-j\u00e4hrigen aus Oberau und einem 47-j\u00e4hrigen Uffinger.<\/p>\n","protected":false},"author":5,"featured_media":0,"comment_status":"closed","ping_status":"open","sticky":false,"template":"","format":"standard","meta":[],"categories":[5],"tags":[],"_links":{"self":[{"href":"http:\/\/cms.mtsomnii.de\/w7\/wp-json\/wp\/v2\/posts\/10477"}],"collection":[{"href":"http:\/\/cms.mtsomnii.de\/w7\/wp-json\/wp\/v2\/posts"}],"about":[{"href":"http:\/\/cms.mtsomnii.de\/w7\/wp-json\/wp\/v2\/types\/post"}],"author":[{"embeddable":true,"href":"http:\/\/cms.mtsomnii.de\/w7\/wp-json\/wp\/v2\/users\/5"}],"replies":[{"embeddable":true,"href":"http:\/\/cms.mtsomnii.de\/w7\/wp-json\/wp\/v2\/comments?post=10477"}],"version-history":[{"count":0,"href":"http:\/\/cms.mtsomnii.de\/w7\/wp-json\/wp\/v2\/posts\/10477\/revisions"}],"wp:attachment":[{"href":"http:\/\/cms.mtsomnii.de\/w7\/wp-json\/wp\/v2\/media?parent=10477"}],"wp:term":[{"taxonomy":"category","embeddable":true,"href":"http:\/\/cms.mtsomnii.de\/w7\/wp-json\/wp\/v2\/categories?post=10477"},{"taxonomy":"post_tag","embeddable":true,"href":"http:\/\/cms.mtsomnii.de\/w7\/wp-json\/wp\/v2\/tags?post=10477"}],"curies":[{"name":"wp","href":"https:\/\/api.w.org\/{rel}","templated":true}]}}