{"id":10485,"date":"2022-05-26T09:00:00","date_gmt":"2022-05-26T07:00:00","guid":{"rendered":"http:\/\/cms.mtsomnii.de\/w7\/kreisbote-gap\/aktionswoche-gesunde-schule-an-der-grundschule-burgstrasse-machte-allen-viel-spass-91560074-html-10485\/"},"modified":"2022-05-26T09:00:00","modified_gmt":"2022-05-26T07:00:00","slug":"aktionswoche-gesunde-schule-an-der-grundschule-burgstrasse-machte-allen-viel-spass-91560074-html","status":"publish","type":"post","link":"http:\/\/cms.mtsomnii.de\/w7\/kreisbote-gap\/aktionswoche-gesunde-schule-an-der-grundschule-burgstrasse-machte-allen-viel-spass-91560074-html-10485\/","title":{"rendered":"Aktionswoche \u201eGesunde Schule\u201c an der Grundschule Burgstra\u00dfe machte allen viel Spa\u00df"},"content":{"rendered":"<div>GAP \u2013 \u201eHarmonisch miteinander\u201c, unter diesem Motto stand die zweite Aktionswoche der Grundschule an der Burg\u00adstra\u00dfe, die im Mai stattgefunden hat. Hauptziele waren die F\u00f6rderung der gegenseitigen Wertsch\u00e4tzung in der Schulgemeinschaft und der Achtsamkeit gegen\u00fcber eigenen Gef\u00fchlen sowie der Aufbau eines gesunden Selbstwertgef\u00fchls. Dazu fanden in allen Klassen verschiedene Aktionen statt.<\/div>\n","protected":false},"excerpt":{"rendered":"<p>GAP \u2013 \u201eHarmonisch miteinander\u201c, unter diesem Motto stand die zweite Aktionswoche der Grundschule an der Burg\u00adstra\u00dfe, die im Mai stattgefunden hat. Hauptziele waren die F\u00f6rderung der gegenseitigen Wertsch\u00e4tzung in der Schulgemeinschaft und der Achtsamkeit gegen\u00fcber eigenen Gef\u00fchlen sowie der Aufbau eines gesunden Selbstwertgef\u00fchls. Dazu fanden in allen Klassen verschiedene Aktionen statt.<\/p>\n","protected":false},"author":4,"featured_media":0,"comment_status":"closed","ping_status":"open","sticky":false,"template":"","format":"standard","meta":[],"categories":[2],"tags":[],"_links":{"self":[{"href":"http:\/\/cms.mtsomnii.de\/w7\/wp-json\/wp\/v2\/posts\/10485"}],"collection":[{"href":"http:\/\/cms.mtsomnii.de\/w7\/wp-json\/wp\/v2\/posts"}],"about":[{"href":"http:\/\/cms.mtsomnii.de\/w7\/wp-json\/wp\/v2\/types\/post"}],"author":[{"embeddable":true,"href":"http:\/\/cms.mtsomnii.de\/w7\/wp-json\/wp\/v2\/users\/4"}],"replies":[{"embeddable":true,"href":"http:\/\/cms.mtsomnii.de\/w7\/wp-json\/wp\/v2\/comments?post=10485"}],"version-history":[{"count":0,"href":"http:\/\/cms.mtsomnii.de\/w7\/wp-json\/wp\/v2\/posts\/10485\/revisions"}],"wp:attachment":[{"href":"http:\/\/cms.mtsomnii.de\/w7\/wp-json\/wp\/v2\/media?parent=10485"}],"wp:term":[{"taxonomy":"category","embeddable":true,"href":"http:\/\/cms.mtsomnii.de\/w7\/wp-json\/wp\/v2\/categories?post=10485"},{"taxonomy":"post_tag","embeddable":true,"href":"http:\/\/cms.mtsomnii.de\/w7\/wp-json\/wp\/v2\/tags?post=10485"}],"curies":[{"name":"wp","href":"https:\/\/api.w.org\/{rel}","templated":true}]}}