{"id":10496,"date":"2022-05-27T11:28:49","date_gmt":"2022-05-27T09:28:49","guid":{"rendered":"http:\/\/cms.mtsomnii.de\/w7\/kreisbote-gap\/erster-unfall-im-tunnel-oberau-zwei-radfahrerinnen-kollidierten-bei-eroeffnungsfeier-im-tunnel-91574618-html-10496\/"},"modified":"2022-05-27T11:28:49","modified_gmt":"2022-05-27T09:28:49","slug":"erster-unfall-im-tunnel-oberau-zwei-radfahrerinnen-kollidierten-bei-eroeffnungsfeier-im-tunnel-91574618-html","status":"publish","type":"post","link":"http:\/\/cms.mtsomnii.de\/w7\/kreisbote-gap\/erster-unfall-im-tunnel-oberau-zwei-radfahrerinnen-kollidierten-bei-eroeffnungsfeier-im-tunnel-91574618-html-10496\/","title":{"rendered":"Erster Unfall im Tunnel Oberau: Zwei Radfahrerinnen kollidierten bei Er\u00f6ffnungsfeier im Tunnel"},"content":{"rendered":"<div>Oberau &#8211; Noch nicht f\u00fcr den Verkehr ge\u00f6ffnet und trotzdem gab es schon den ersten Unfall. Am Tage der Er\u00f6ffnungsfeier waren viele B\u00fcrgerinnen und B\u00fcrger zu Fu\u00df oder mit dem Rad unterwegs, um den Tunnel Oberau zu erkunden.\u00a0Unter anderem auch zwei Damen aus dem Werdenfelser Land.<\/div>\n","protected":false},"excerpt":{"rendered":"<p>Oberau &#8211; Noch nicht f\u00fcr den Verkehr ge\u00f6ffnet und trotzdem gab es schon den ersten Unfall. Am Tage der Er\u00f6ffnungsfeier waren viele B\u00fcrgerinnen und B\u00fcrger zu Fu\u00df oder mit dem Rad unterwegs, um den Tunnel Oberau zu erkunden.\u00a0Unter anderem auch zwei Damen aus dem Werdenfelser Land.<\/p>\n","protected":false},"author":4,"featured_media":0,"comment_status":"closed","ping_status":"open","sticky":false,"template":"","format":"standard","meta":[],"categories":[2],"tags":[],"_links":{"self":[{"href":"http:\/\/cms.mtsomnii.de\/w7\/wp-json\/wp\/v2\/posts\/10496"}],"collection":[{"href":"http:\/\/cms.mtsomnii.de\/w7\/wp-json\/wp\/v2\/posts"}],"about":[{"href":"http:\/\/cms.mtsomnii.de\/w7\/wp-json\/wp\/v2\/types\/post"}],"author":[{"embeddable":true,"href":"http:\/\/cms.mtsomnii.de\/w7\/wp-json\/wp\/v2\/users\/4"}],"replies":[{"embeddable":true,"href":"http:\/\/cms.mtsomnii.de\/w7\/wp-json\/wp\/v2\/comments?post=10496"}],"version-history":[{"count":0,"href":"http:\/\/cms.mtsomnii.de\/w7\/wp-json\/wp\/v2\/posts\/10496\/revisions"}],"wp:attachment":[{"href":"http:\/\/cms.mtsomnii.de\/w7\/wp-json\/wp\/v2\/media?parent=10496"}],"wp:term":[{"taxonomy":"category","embeddable":true,"href":"http:\/\/cms.mtsomnii.de\/w7\/wp-json\/wp\/v2\/categories?post=10496"},{"taxonomy":"post_tag","embeddable":true,"href":"http:\/\/cms.mtsomnii.de\/w7\/wp-json\/wp\/v2\/tags?post=10496"}],"curies":[{"name":"wp","href":"https:\/\/api.w.org\/{rel}","templated":true}]}}