{"id":10510,"date":"2022-05-30T08:00:00","date_gmt":"2022-05-30T06:00:00","guid":{"rendered":"http:\/\/cms.mtsomnii.de\/w7\/merkur-de-gap\/kohlgruber-jubilaeums-theater-150-jaehrige-moorkur-geschichte-der-gemeinde-wird-erzaehlt-91570761-html-2-10510\/"},"modified":"2022-05-30T08:00:00","modified_gmt":"2022-05-30T06:00:00","slug":"kohlgruber-jubilaeums-theater-150-jaehrige-moorkur-geschichte-der-gemeinde-wird-erzaehlt-91570761-html-2","status":"publish","type":"post","link":"http:\/\/cms.mtsomnii.de\/w7\/merkur-de-gap\/kohlgruber-jubilaeums-theater-150-jaehrige-moorkur-geschichte-der-gemeinde-wird-erzaehlt-91570761-html-2-10510\/","title":{"rendered":"Kohlgruber Jubil\u00e4ums-Theater: 150-j\u00e4hrige Moorkur-Geschichte der Gemeinde wird erz\u00e4hlt"},"content":{"rendered":"<div>Bad Kohlgrub \u2013 Damit hatte Aham von Hundham (gespielt von Franz Degele) nicht gerechnet. Der k\u00f6nigliche Abgesandte sollte den Menschen in Kohlgrub ein M\u00e4rchenschloss auf dem H\u00f6rnle schmackhaft machen. Aber nix: Die D\u00f6rfler wollten nicht! Das ist eine Episode aus der Kom\u00f6die  \u201aBaaz und Schwarze Daune\u2018, mit der die Theater-narrischen Kohlgruber*innen die 150-j\u00e4hrige Moorkur-Geschichte ihrer Gemeinde erz\u00e4hlen.<\/div>\n","protected":false},"excerpt":{"rendered":"<p>Bad Kohlgrub \u2013 Damit hatte Aham von Hundham (gespielt von Franz Degele) nicht gerechnet. Der k\u00f6nigliche Abgesandte sollte den Menschen in Kohlgrub ein M\u00e4rchenschloss auf dem H\u00f6rnle schmackhaft machen. Aber nix: Die D\u00f6rfler wollten nicht! Das ist eine Episode aus der Kom\u00f6die \u201aBaaz und Schwarze Daune\u2018, mit der die Theater-narrischen Kohlgruber*innen die 150-j\u00e4hrige Moorkur-Geschichte ihrer Gemeinde erz\u00e4hlen.<\/p>\n","protected":false},"author":5,"featured_media":0,"comment_status":"closed","ping_status":"open","sticky":false,"template":"","format":"standard","meta":[],"categories":[5],"tags":[],"_links":{"self":[{"href":"http:\/\/cms.mtsomnii.de\/w7\/wp-json\/wp\/v2\/posts\/10510"}],"collection":[{"href":"http:\/\/cms.mtsomnii.de\/w7\/wp-json\/wp\/v2\/posts"}],"about":[{"href":"http:\/\/cms.mtsomnii.de\/w7\/wp-json\/wp\/v2\/types\/post"}],"author":[{"embeddable":true,"href":"http:\/\/cms.mtsomnii.de\/w7\/wp-json\/wp\/v2\/users\/5"}],"replies":[{"embeddable":true,"href":"http:\/\/cms.mtsomnii.de\/w7\/wp-json\/wp\/v2\/comments?post=10510"}],"version-history":[{"count":0,"href":"http:\/\/cms.mtsomnii.de\/w7\/wp-json\/wp\/v2\/posts\/10510\/revisions"}],"wp:attachment":[{"href":"http:\/\/cms.mtsomnii.de\/w7\/wp-json\/wp\/v2\/media?parent=10510"}],"wp:term":[{"taxonomy":"category","embeddable":true,"href":"http:\/\/cms.mtsomnii.de\/w7\/wp-json\/wp\/v2\/categories?post=10510"},{"taxonomy":"post_tag","embeddable":true,"href":"http:\/\/cms.mtsomnii.de\/w7\/wp-json\/wp\/v2\/tags?post=10510"}],"curies":[{"name":"wp","href":"https:\/\/api.w.org\/{rel}","templated":true}]}}