{"id":10514,"date":"2022-05-30T13:57:22","date_gmt":"2022-05-30T11:57:22","guid":{"rendered":"http:\/\/cms.mtsomnii.de\/w7\/merkur-de-gap\/g7-gipfel-2022-elmau-g8-gipfel-bayern-teilnehmer-laender-russland-usa-deutschland-frankreich-or-91459018-html-10-10514\/"},"modified":"2022-05-30T13:57:22","modified_gmt":"2022-05-30T11:57:22","slug":"g7-gipfel-2022-elmau-g8-gipfel-bayern-teilnehmer-laender-russland-usa-deutschland-frankreich-or-91459018-html-10","status":"publish","type":"post","link":"http:\/\/cms.mtsomnii.de\/w7\/merkur-de-gap\/g7-gipfel-2022-elmau-g8-gipfel-bayern-teilnehmer-laender-russland-usa-deutschland-frankreich-or-91459018-html-10-10514\/","title":{"rendered":"G7-Gipfel 2022 in Elmau: Wer waren die G8?"},"content":{"rendered":"<div>Ein Jahr vor dem ersten G7-Gipfel auf Elmau wurde das Treffen in Moskau abgesagt &#8211; und Russland aus dem B\u00fcndnis ausgeschlossen. Wer waren die G8 \u00fcberhaupt? Ein \u00dcberblick.<\/div>\n","protected":false},"excerpt":{"rendered":"<p>Ein Jahr vor dem ersten G7-Gipfel auf Elmau wurde das Treffen in Moskau abgesagt &#8211; und Russland aus dem B\u00fcndnis ausgeschlossen. Wer waren die G8 \u00fcberhaupt? Ein \u00dcberblick.<\/p>\n","protected":false},"author":5,"featured_media":0,"comment_status":"closed","ping_status":"open","sticky":false,"template":"","format":"standard","meta":[],"categories":[5],"tags":[],"_links":{"self":[{"href":"http:\/\/cms.mtsomnii.de\/w7\/wp-json\/wp\/v2\/posts\/10514"}],"collection":[{"href":"http:\/\/cms.mtsomnii.de\/w7\/wp-json\/wp\/v2\/posts"}],"about":[{"href":"http:\/\/cms.mtsomnii.de\/w7\/wp-json\/wp\/v2\/types\/post"}],"author":[{"embeddable":true,"href":"http:\/\/cms.mtsomnii.de\/w7\/wp-json\/wp\/v2\/users\/5"}],"replies":[{"embeddable":true,"href":"http:\/\/cms.mtsomnii.de\/w7\/wp-json\/wp\/v2\/comments?post=10514"}],"version-history":[{"count":0,"href":"http:\/\/cms.mtsomnii.de\/w7\/wp-json\/wp\/v2\/posts\/10514\/revisions"}],"wp:attachment":[{"href":"http:\/\/cms.mtsomnii.de\/w7\/wp-json\/wp\/v2\/media?parent=10514"}],"wp:term":[{"taxonomy":"category","embeddable":true,"href":"http:\/\/cms.mtsomnii.de\/w7\/wp-json\/wp\/v2\/categories?post=10514"},{"taxonomy":"post_tag","embeddable":true,"href":"http:\/\/cms.mtsomnii.de\/w7\/wp-json\/wp\/v2\/tags?post=10514"}],"curies":[{"name":"wp","href":"https:\/\/api.w.org\/{rel}","templated":true}]}}