{"id":10521,"date":"2022-05-30T18:32:09","date_gmt":"2022-05-30T16:32:09","guid":{"rendered":"http:\/\/cms.mtsomnii.de\/w7\/merkur-de-gap\/unfall-am-marienplatz-garmisch-partenkirchner-kracht-mit-bmw-cabrio-gegen-steinmauer-91581288-html-10521\/"},"modified":"2022-05-30T18:32:09","modified_gmt":"2022-05-30T16:32:09","slug":"unfall-am-marienplatz-garmisch-partenkirchner-kracht-mit-bmw-cabrio-gegen-steinmauer-91581288-html","status":"publish","type":"post","link":"http:\/\/cms.mtsomnii.de\/w7\/merkur-de-gap\/unfall-am-marienplatz-garmisch-partenkirchner-kracht-mit-bmw-cabrio-gegen-steinmauer-91581288-html-10521\/","title":{"rendered":"Unfall am Marienplatz: Garmisch-Partenkirchner kracht mit BMW Cabrio gegen Steinmauer"},"content":{"rendered":"<div>Da staunten die Passanten nicht schlecht: Ein 61-j\u00e4hriger Garmisch-Partenkirchner verlor gestern gegen 11.15 Uhr die Kontrolle \u00fcber seinen BMW, fuhr am Marienplatz \u00fcber eine Verkehrsinsel und die Gegenfahrbahn und krachte schlie\u00dflich gegen eine Steinmauer. Zuvor war der Wagen auch noch mit einem Steinpfosten an der Ampelanlage kollidiert. Der Mann wurde von den Ersthelfern des Rettungsdienstes versorgt und zur weiteren Behandlung in das Klinikum gebracht.<\/div>\n","protected":false},"excerpt":{"rendered":"<p>Da staunten die Passanten nicht schlecht: Ein 61-j\u00e4hriger Garmisch-Partenkirchner verlor gestern gegen 11.15 Uhr die Kontrolle \u00fcber seinen BMW, fuhr am Marienplatz \u00fcber eine Verkehrsinsel und die Gegenfahrbahn und krachte schlie\u00dflich gegen eine Steinmauer. Zuvor war der Wagen auch noch mit einem Steinpfosten an der Ampelanlage kollidiert. Der Mann wurde von den Ersthelfern des Rettungsdienstes versorgt und zur weiteren Behandlung<\/p>\n","protected":false},"author":5,"featured_media":0,"comment_status":"closed","ping_status":"open","sticky":false,"template":"","format":"standard","meta":[],"categories":[5],"tags":[],"_links":{"self":[{"href":"http:\/\/cms.mtsomnii.de\/w7\/wp-json\/wp\/v2\/posts\/10521"}],"collection":[{"href":"http:\/\/cms.mtsomnii.de\/w7\/wp-json\/wp\/v2\/posts"}],"about":[{"href":"http:\/\/cms.mtsomnii.de\/w7\/wp-json\/wp\/v2\/types\/post"}],"author":[{"embeddable":true,"href":"http:\/\/cms.mtsomnii.de\/w7\/wp-json\/wp\/v2\/users\/5"}],"replies":[{"embeddable":true,"href":"http:\/\/cms.mtsomnii.de\/w7\/wp-json\/wp\/v2\/comments?post=10521"}],"version-history":[{"count":0,"href":"http:\/\/cms.mtsomnii.de\/w7\/wp-json\/wp\/v2\/posts\/10521\/revisions"}],"wp:attachment":[{"href":"http:\/\/cms.mtsomnii.de\/w7\/wp-json\/wp\/v2\/media?parent=10521"}],"wp:term":[{"taxonomy":"category","embeddable":true,"href":"http:\/\/cms.mtsomnii.de\/w7\/wp-json\/wp\/v2\/categories?post=10521"},{"taxonomy":"post_tag","embeddable":true,"href":"http:\/\/cms.mtsomnii.de\/w7\/wp-json\/wp\/v2\/tags?post=10521"}],"curies":[{"name":"wp","href":"https:\/\/api.w.org\/{rel}","templated":true}]}}