{"id":10531,"date":"2022-05-31T19:00:00","date_gmt":"2022-05-31T17:00:00","guid":{"rendered":"http:\/\/cms.mtsomnii.de\/w7\/merkur-de-gap\/wittwer-plant-teil-abzug-aus-eschenlohe-91583601-html-10531\/"},"modified":"2022-05-31T19:00:00","modified_gmt":"2022-05-31T17:00:00","slug":"wittwer-plant-teil-abzug-aus-eschenlohe-91583601-html","status":"publish","type":"post","link":"http:\/\/cms.mtsomnii.de\/w7\/merkur-de-gap\/wittwer-plant-teil-abzug-aus-eschenlohe-91583601-html-10531\/","title":{"rendered":"Wittwer plant Teil-Abwanderung aus Eschenlohe"},"content":{"rendered":"<div>Die Spedition Wittwer will mit ihrem Hauptsitz aus Eschenlohe abwandern und das operative Gesch\u00e4ft verlagern \u2013 nach fast 50 Jahren im Ort. Entlassungen sind nicht vorgesehen. Gesch\u00e4ftsf\u00fchrer Georg Wittwer begr\u00fcndet den Schritt mit fehlenden Fl\u00e4chen und \u00fcbt Kritik an B\u00fcrgermeister Anton K\u00f6lbl. Der wehrt sich.<\/div>\n","protected":false},"excerpt":{"rendered":"<p>Die Spedition Wittwer will mit ihrem Hauptsitz aus Eschenlohe abwandern und das operative Gesch\u00e4ft verlagern \u2013 nach fast 50 Jahren im Ort. Entlassungen sind nicht vorgesehen. Gesch\u00e4ftsf\u00fchrer Georg Wittwer begr\u00fcndet den Schritt mit fehlenden Fl\u00e4chen und \u00fcbt Kritik an B\u00fcrgermeister Anton K\u00f6lbl. Der wehrt sich.<\/p>\n","protected":false},"author":5,"featured_media":0,"comment_status":"closed","ping_status":"open","sticky":false,"template":"","format":"standard","meta":[],"categories":[5],"tags":[],"_links":{"self":[{"href":"http:\/\/cms.mtsomnii.de\/w7\/wp-json\/wp\/v2\/posts\/10531"}],"collection":[{"href":"http:\/\/cms.mtsomnii.de\/w7\/wp-json\/wp\/v2\/posts"}],"about":[{"href":"http:\/\/cms.mtsomnii.de\/w7\/wp-json\/wp\/v2\/types\/post"}],"author":[{"embeddable":true,"href":"http:\/\/cms.mtsomnii.de\/w7\/wp-json\/wp\/v2\/users\/5"}],"replies":[{"embeddable":true,"href":"http:\/\/cms.mtsomnii.de\/w7\/wp-json\/wp\/v2\/comments?post=10531"}],"version-history":[{"count":0,"href":"http:\/\/cms.mtsomnii.de\/w7\/wp-json\/wp\/v2\/posts\/10531\/revisions"}],"wp:attachment":[{"href":"http:\/\/cms.mtsomnii.de\/w7\/wp-json\/wp\/v2\/media?parent=10531"}],"wp:term":[{"taxonomy":"category","embeddable":true,"href":"http:\/\/cms.mtsomnii.de\/w7\/wp-json\/wp\/v2\/categories?post=10531"},{"taxonomy":"post_tag","embeddable":true,"href":"http:\/\/cms.mtsomnii.de\/w7\/wp-json\/wp\/v2\/tags?post=10531"}],"curies":[{"name":"wp","href":"https:\/\/api.w.org\/{rel}","templated":true}]}}