{"id":10548,"date":"2022-06-01T11:20:06","date_gmt":"2022-06-01T09:20:06","guid":{"rendered":"http:\/\/cms.mtsomnii.de\/w7\/merkur-de-gap\/nur-fuenf-monate-von-der-bestellung-zur-auslieferung-91584801-html-10548\/"},"modified":"2022-06-01T11:20:06","modified_gmt":"2022-06-01T09:20:06","slug":"nur-fuenf-monate-von-der-bestellung-zur-auslieferung-91584801-html","status":"publish","type":"post","link":"http:\/\/cms.mtsomnii.de\/w7\/merkur-de-gap\/nur-fuenf-monate-von-der-bestellung-zur-auslieferung-91584801-html-10548\/","title":{"rendered":"Rekordtempo: Nur f\u00fcnf Monate von der Bestellung zur Auslieferung nach Kr\u00fcn"},"content":{"rendered":"<div>Zwei neue Fahrzeuge f\u00fcr die Kr\u00fcner Feuerwehr sind am Montag angeliefert worden. Sie kommen w\u00e4hrend des G7-Gipfels zum Einsatz. Der Hersteller hat sich beim Tempo selbst \u00fcbertroffen.<\/div>\n","protected":false},"excerpt":{"rendered":"<p>Zwei neue Fahrzeuge f\u00fcr die Kr\u00fcner Feuerwehr sind am Montag angeliefert worden. Sie kommen w\u00e4hrend des G7-Gipfels zum Einsatz. Der Hersteller hat sich beim Tempo selbst \u00fcbertroffen.<\/p>\n","protected":false},"author":5,"featured_media":0,"comment_status":"closed","ping_status":"open","sticky":false,"template":"","format":"standard","meta":[],"categories":[5],"tags":[],"_links":{"self":[{"href":"http:\/\/cms.mtsomnii.de\/w7\/wp-json\/wp\/v2\/posts\/10548"}],"collection":[{"href":"http:\/\/cms.mtsomnii.de\/w7\/wp-json\/wp\/v2\/posts"}],"about":[{"href":"http:\/\/cms.mtsomnii.de\/w7\/wp-json\/wp\/v2\/types\/post"}],"author":[{"embeddable":true,"href":"http:\/\/cms.mtsomnii.de\/w7\/wp-json\/wp\/v2\/users\/5"}],"replies":[{"embeddable":true,"href":"http:\/\/cms.mtsomnii.de\/w7\/wp-json\/wp\/v2\/comments?post=10548"}],"version-history":[{"count":0,"href":"http:\/\/cms.mtsomnii.de\/w7\/wp-json\/wp\/v2\/posts\/10548\/revisions"}],"wp:attachment":[{"href":"http:\/\/cms.mtsomnii.de\/w7\/wp-json\/wp\/v2\/media?parent=10548"}],"wp:term":[{"taxonomy":"category","embeddable":true,"href":"http:\/\/cms.mtsomnii.de\/w7\/wp-json\/wp\/v2\/categories?post=10548"},{"taxonomy":"post_tag","embeddable":true,"href":"http:\/\/cms.mtsomnii.de\/w7\/wp-json\/wp\/v2\/tags?post=10548"}],"curies":[{"name":"wp","href":"https:\/\/api.w.org\/{rel}","templated":true}]}}