{"id":10555,"date":"2022-06-02T09:00:00","date_gmt":"2022-06-02T07:00:00","guid":{"rendered":"http:\/\/cms.mtsomnii.de\/w7\/merkur-de-gap\/verstaerkte-lebensmittel-und-hygienekontrollen-im-landkreis-garmisch-partenkirchen-91570802-html-2-10555\/"},"modified":"2022-06-02T09:00:00","modified_gmt":"2022-06-02T07:00:00","slug":"verstaerkte-lebensmittel-und-hygienekontrollen-im-landkreis-garmisch-partenkirchen-91570802-html-2","status":"publish","type":"post","link":"http:\/\/cms.mtsomnii.de\/w7\/merkur-de-gap\/verstaerkte-lebensmittel-und-hygienekontrollen-im-landkreis-garmisch-partenkirchen-91570802-html-2-10555\/","title":{"rendered":"Verst\u00e4rkte Lebensmittel- und Hygienekontrollen im Landkreis Garmisch-Partenkirchen"},"content":{"rendered":"<div>Landkreis \u2013 Aufgrund des anstehenden G7-Gipfels wurden durch das Landratsamt verst\u00e4rkt Lebensmittel- und Hygienekontrollen in Gastronomie- und Beherbergungsbetrieben im Landkreis durchgef\u00fchrt. Dabei wurden erfreulicherweise nur wenige M\u00e4ngel festgestellt.<\/div>\n","protected":false},"excerpt":{"rendered":"<p>Landkreis \u2013 Aufgrund des anstehenden G7-Gipfels wurden durch das Landratsamt verst\u00e4rkt Lebensmittel- und Hygienekontrollen in Gastronomie- und Beherbergungsbetrieben im Landkreis durchgef\u00fchrt. Dabei wurden erfreulicherweise nur wenige M\u00e4ngel festgestellt.<\/p>\n","protected":false},"author":5,"featured_media":0,"comment_status":"closed","ping_status":"open","sticky":false,"template":"","format":"standard","meta":[],"categories":[5],"tags":[],"_links":{"self":[{"href":"http:\/\/cms.mtsomnii.de\/w7\/wp-json\/wp\/v2\/posts\/10555"}],"collection":[{"href":"http:\/\/cms.mtsomnii.de\/w7\/wp-json\/wp\/v2\/posts"}],"about":[{"href":"http:\/\/cms.mtsomnii.de\/w7\/wp-json\/wp\/v2\/types\/post"}],"author":[{"embeddable":true,"href":"http:\/\/cms.mtsomnii.de\/w7\/wp-json\/wp\/v2\/users\/5"}],"replies":[{"embeddable":true,"href":"http:\/\/cms.mtsomnii.de\/w7\/wp-json\/wp\/v2\/comments?post=10555"}],"version-history":[{"count":0,"href":"http:\/\/cms.mtsomnii.de\/w7\/wp-json\/wp\/v2\/posts\/10555\/revisions"}],"wp:attachment":[{"href":"http:\/\/cms.mtsomnii.de\/w7\/wp-json\/wp\/v2\/media?parent=10555"}],"wp:term":[{"taxonomy":"category","embeddable":true,"href":"http:\/\/cms.mtsomnii.de\/w7\/wp-json\/wp\/v2\/categories?post=10555"},{"taxonomy":"post_tag","embeddable":true,"href":"http:\/\/cms.mtsomnii.de\/w7\/wp-json\/wp\/v2\/tags?post=10555"}],"curies":[{"name":"wp","href":"https:\/\/api.w.org\/{rel}","templated":true}]}}