{"id":10559,"date":"2022-06-02T10:16:40","date_gmt":"2022-06-02T08:16:40","guid":{"rendered":"http:\/\/cms.mtsomnii.de\/w7\/merkur-de-gap\/g7-gipfel-2022-elmau-feuerwehr-einsatz-fahrzeuge-anschaffung-rekord-garmisch-partenkirchen-kruen-91584801-html-10559\/"},"modified":"2022-06-02T10:16:40","modified_gmt":"2022-06-02T08:16:40","slug":"g7-gipfel-2022-elmau-feuerwehr-einsatz-fahrzeuge-anschaffung-rekord-garmisch-partenkirchen-kruen-91584801-html","status":"publish","type":"post","link":"http:\/\/cms.mtsomnii.de\/w7\/merkur-de-gap\/g7-gipfel-2022-elmau-feuerwehr-einsatz-fahrzeuge-anschaffung-rekord-garmisch-partenkirchen-kruen-91584801-html-10559\/","title":{"rendered":"Rekordtempo wegen G7: Neue Feuerwehr-Fahrzeuge in Kr\u00fcn angekommen &#8211; \u201eMusste rasend schnell gehen\u201c"},"content":{"rendered":"<div>Zwei neue Fahrzeuge f\u00fcr die Kr\u00fcner Feuerwehr sind am Montag angeliefert worden. Sie kommen w\u00e4hrend des G7-Gipfels 2022 in Elmau zum Einsatz. Der Hersteller hat sich beim Tempo selbst \u00fcbertroffen.<\/div>\n","protected":false},"excerpt":{"rendered":"<p>Zwei neue Fahrzeuge f\u00fcr die Kr\u00fcner Feuerwehr sind am Montag angeliefert worden. Sie kommen w\u00e4hrend des G7-Gipfels 2022 in Elmau zum Einsatz. Der Hersteller hat sich beim Tempo selbst \u00fcbertroffen.<\/p>\n","protected":false},"author":5,"featured_media":0,"comment_status":"closed","ping_status":"open","sticky":false,"template":"","format":"standard","meta":[],"categories":[5],"tags":[],"_links":{"self":[{"href":"http:\/\/cms.mtsomnii.de\/w7\/wp-json\/wp\/v2\/posts\/10559"}],"collection":[{"href":"http:\/\/cms.mtsomnii.de\/w7\/wp-json\/wp\/v2\/posts"}],"about":[{"href":"http:\/\/cms.mtsomnii.de\/w7\/wp-json\/wp\/v2\/types\/post"}],"author":[{"embeddable":true,"href":"http:\/\/cms.mtsomnii.de\/w7\/wp-json\/wp\/v2\/users\/5"}],"replies":[{"embeddable":true,"href":"http:\/\/cms.mtsomnii.de\/w7\/wp-json\/wp\/v2\/comments?post=10559"}],"version-history":[{"count":0,"href":"http:\/\/cms.mtsomnii.de\/w7\/wp-json\/wp\/v2\/posts\/10559\/revisions"}],"wp:attachment":[{"href":"http:\/\/cms.mtsomnii.de\/w7\/wp-json\/wp\/v2\/media?parent=10559"}],"wp:term":[{"taxonomy":"category","embeddable":true,"href":"http:\/\/cms.mtsomnii.de\/w7\/wp-json\/wp\/v2\/categories?post=10559"},{"taxonomy":"post_tag","embeddable":true,"href":"http:\/\/cms.mtsomnii.de\/w7\/wp-json\/wp\/v2\/tags?post=10559"}],"curies":[{"name":"wp","href":"https:\/\/api.w.org\/{rel}","templated":true}]}}