{"id":10573,"date":"2022-06-02T18:00:00","date_gmt":"2022-06-02T16:00:00","guid":{"rendered":"http:\/\/cms.mtsomnii.de\/w7\/merkur-de-gap\/paketbote-uebersieht-harley-fahrer-91588182-html-10573\/"},"modified":"2022-06-02T18:00:00","modified_gmt":"2022-06-02T16:00:00","slug":"paketbote-uebersieht-harley-fahrer-91588182-html","status":"publish","type":"post","link":"http:\/\/cms.mtsomnii.de\/w7\/merkur-de-gap\/paketbote-uebersieht-harley-fahrer-91588182-html-10573\/","title":{"rendered":"Paketbote \u00fcbersieht Harley-Fahrer: Beide kommen nach Kollision in Unfallklinik"},"content":{"rendered":"<div>Gekracht hat es am Donnerstagmittag auf der Staatsstra\u00dfe bei Gro\u00dfweil. Dabei \u00fcbersah ein Paketbote einen Motorradfahrer. Beide wurden in die Murnauer Unfallklinik gebracht.\u00a0<\/div>\n","protected":false},"excerpt":{"rendered":"<p>Gekracht hat es am Donnerstagmittag auf der Staatsstra\u00dfe bei Gro\u00dfweil. Dabei \u00fcbersah ein Paketbote einen Motorradfahrer. Beide wurden in die Murnauer Unfallklinik gebracht.\u00a0<\/p>\n","protected":false},"author":5,"featured_media":0,"comment_status":"closed","ping_status":"open","sticky":false,"template":"","format":"standard","meta":[],"categories":[5],"tags":[],"_links":{"self":[{"href":"http:\/\/cms.mtsomnii.de\/w7\/wp-json\/wp\/v2\/posts\/10573"}],"collection":[{"href":"http:\/\/cms.mtsomnii.de\/w7\/wp-json\/wp\/v2\/posts"}],"about":[{"href":"http:\/\/cms.mtsomnii.de\/w7\/wp-json\/wp\/v2\/types\/post"}],"author":[{"embeddable":true,"href":"http:\/\/cms.mtsomnii.de\/w7\/wp-json\/wp\/v2\/users\/5"}],"replies":[{"embeddable":true,"href":"http:\/\/cms.mtsomnii.de\/w7\/wp-json\/wp\/v2\/comments?post=10573"}],"version-history":[{"count":0,"href":"http:\/\/cms.mtsomnii.de\/w7\/wp-json\/wp\/v2\/posts\/10573\/revisions"}],"wp:attachment":[{"href":"http:\/\/cms.mtsomnii.de\/w7\/wp-json\/wp\/v2\/media?parent=10573"}],"wp:term":[{"taxonomy":"category","embeddable":true,"href":"http:\/\/cms.mtsomnii.de\/w7\/wp-json\/wp\/v2\/categories?post=10573"},{"taxonomy":"post_tag","embeddable":true,"href":"http:\/\/cms.mtsomnii.de\/w7\/wp-json\/wp\/v2\/tags?post=10573"}],"curies":[{"name":"wp","href":"https:\/\/api.w.org\/{rel}","templated":true}]}}