{"id":11200,"date":"2022-06-24T15:50:00","date_gmt":"2022-06-24T13:50:00","guid":{"rendered":"http:\/\/cms.mtsomnii.de\/w7\/merkur-de-gap\/g7-gipfel-2022-elmau-grossdemo-stresstest-garmisch-partenkirchen-polizei-91625575-html-11200\/"},"modified":"2022-06-24T15:50:00","modified_gmt":"2022-06-24T13:50:00","slug":"g7-gipfel-2022-elmau-grossdemo-stresstest-garmisch-partenkirchen-polizei-91625575-html","status":"publish","type":"post","link":"http:\/\/cms.mtsomnii.de\/w7\/merkur-de-gap\/g7-gipfel-2022-elmau-grossdemo-stresstest-garmisch-partenkirchen-polizei-91625575-html-11200\/","title":{"rendered":"G7-Gro\u00dfdemo in Garmisch-Partenkirchen als enormer Stresstest f\u00fcr die \u201egute Stube\u201c: So reagieren die Anwohner"},"content":{"rendered":"<div>F\u00fcr Sonntag ist eine Gro\u00dfdemo der G7-Gegner mitten durch Garmisch geplant. Die betroffenen Gesch\u00e4ftsleute bleiben gelassen \u2013 und vertrauen auf die enorme Polizeipr\u00e4senz.<\/div>\n","protected":false},"excerpt":{"rendered":"<p>F\u00fcr Sonntag ist eine Gro\u00dfdemo der G7-Gegner mitten durch Garmisch geplant. Die betroffenen Gesch\u00e4ftsleute bleiben gelassen \u2013 und vertrauen auf die enorme Polizeipr\u00e4senz.<\/p>\n","protected":false},"author":5,"featured_media":0,"comment_status":"closed","ping_status":"open","sticky":false,"template":"","format":"standard","meta":[],"categories":[5],"tags":[],"_links":{"self":[{"href":"http:\/\/cms.mtsomnii.de\/w7\/wp-json\/wp\/v2\/posts\/11200"}],"collection":[{"href":"http:\/\/cms.mtsomnii.de\/w7\/wp-json\/wp\/v2\/posts"}],"about":[{"href":"http:\/\/cms.mtsomnii.de\/w7\/wp-json\/wp\/v2\/types\/post"}],"author":[{"embeddable":true,"href":"http:\/\/cms.mtsomnii.de\/w7\/wp-json\/wp\/v2\/users\/5"}],"replies":[{"embeddable":true,"href":"http:\/\/cms.mtsomnii.de\/w7\/wp-json\/wp\/v2\/comments?post=11200"}],"version-history":[{"count":0,"href":"http:\/\/cms.mtsomnii.de\/w7\/wp-json\/wp\/v2\/posts\/11200\/revisions"}],"wp:attachment":[{"href":"http:\/\/cms.mtsomnii.de\/w7\/wp-json\/wp\/v2\/media?parent=11200"}],"wp:term":[{"taxonomy":"category","embeddable":true,"href":"http:\/\/cms.mtsomnii.de\/w7\/wp-json\/wp\/v2\/categories?post=11200"},{"taxonomy":"post_tag","embeddable":true,"href":"http:\/\/cms.mtsomnii.de\/w7\/wp-json\/wp\/v2\/tags?post=11200"}],"curies":[{"name":"wp","href":"https:\/\/api.w.org\/{rel}","templated":true}]}}