{"id":11204,"date":"2022-06-24T17:43:40","date_gmt":"2022-06-24T15:43:40","guid":{"rendered":"http:\/\/cms.mtsomnii.de\/w7\/merkur-de-gap\/g7-gipfel-2022-in-elmau-gewitter-wetter-unwetter-folgen-protestcamp-anreise-politiker-91630090-html-11204\/"},"modified":"2022-06-24T17:43:40","modified_gmt":"2022-06-24T15:43:40","slug":"g7-gipfel-2022-in-elmau-gewitter-wetter-unwetter-folgen-protestcamp-anreise-politiker-91630090-html","status":"publish","type":"post","link":"http:\/\/cms.mtsomnii.de\/w7\/merkur-de-gap\/g7-gipfel-2022-in-elmau-gewitter-wetter-unwetter-folgen-protestcamp-anreise-politiker-91630090-html-11204\/","title":{"rendered":"Gewitter vor G7-Gipfel machen Protestcamp zu schaffen \u2013\u00a0 Anreise der Politiker dadurch erschwert?"},"content":{"rendered":"<div>Der G7-Gipfel steht vor der T\u00fcr. Das Wetter ist von Gewittern und Regen gepr\u00e4gt. Das k\u00f6nnte Folgen f\u00fcr das Protestcamp und die Anreise der Politiker haben.<\/div>\n","protected":false},"excerpt":{"rendered":"<p>Der G7-Gipfel steht vor der T\u00fcr. Das Wetter ist von Gewittern und Regen gepr\u00e4gt. Das k\u00f6nnte Folgen f\u00fcr das Protestcamp und die Anreise der Politiker haben.<\/p>\n","protected":false},"author":5,"featured_media":0,"comment_status":"closed","ping_status":"open","sticky":false,"template":"","format":"standard","meta":[],"categories":[5],"tags":[],"_links":{"self":[{"href":"http:\/\/cms.mtsomnii.de\/w7\/wp-json\/wp\/v2\/posts\/11204"}],"collection":[{"href":"http:\/\/cms.mtsomnii.de\/w7\/wp-json\/wp\/v2\/posts"}],"about":[{"href":"http:\/\/cms.mtsomnii.de\/w7\/wp-json\/wp\/v2\/types\/post"}],"author":[{"embeddable":true,"href":"http:\/\/cms.mtsomnii.de\/w7\/wp-json\/wp\/v2\/users\/5"}],"replies":[{"embeddable":true,"href":"http:\/\/cms.mtsomnii.de\/w7\/wp-json\/wp\/v2\/comments?post=11204"}],"version-history":[{"count":0,"href":"http:\/\/cms.mtsomnii.de\/w7\/wp-json\/wp\/v2\/posts\/11204\/revisions"}],"wp:attachment":[{"href":"http:\/\/cms.mtsomnii.de\/w7\/wp-json\/wp\/v2\/media?parent=11204"}],"wp:term":[{"taxonomy":"category","embeddable":true,"href":"http:\/\/cms.mtsomnii.de\/w7\/wp-json\/wp\/v2\/categories?post=11204"},{"taxonomy":"post_tag","embeddable":true,"href":"http:\/\/cms.mtsomnii.de\/w7\/wp-json\/wp\/v2\/tags?post=11204"}],"curies":[{"name":"wp","href":"https:\/\/api.w.org\/{rel}","templated":true}]}}