{"id":11211,"date":"2022-06-24T16:03:31","date_gmt":"2022-06-24T14:03:31","guid":{"rendered":"http:\/\/cms.mtsomnii.de\/w7\/merkur-de-gap\/g7-gipfel-2022-in-elmau-garmisch-partenkirchen-koch-buergermeisterin-polizei-sperrungen-91629710-html-2-11211\/"},"modified":"2022-06-24T16:03:31","modified_gmt":"2022-06-24T14:03:31","slug":"g7-gipfel-2022-in-elmau-garmisch-partenkirchen-koch-buergermeisterin-polizei-sperrungen-91629710-html-2","status":"publish","type":"post","link":"http:\/\/cms.mtsomnii.de\/w7\/merkur-de-gap\/g7-gipfel-2022-in-elmau-garmisch-partenkirchen-koch-buergermeisterin-polizei-sperrungen-91629710-html-2-11211\/","title":{"rendered":"Vor G7-Gipfel: GAP-B\u00fcrgermeisterin wehrt sich gegen Vorwurf aus BR-Sendung &#8211; \u201eStimmt definitiv nicht\u201c"},"content":{"rendered":"<div>Der G7-Gipfel st\u00f6\u00dft in Garmisch-Partenkirchen auf Kritik &#8211; auch bei der B\u00fcrgermeisterin. Zwei Tage vor dem Eintreffen der Politiker auf Schloss Elmau \u00e4u\u00dferte sie sich.<\/div>\n","protected":false},"excerpt":{"rendered":"<p>Der G7-Gipfel st\u00f6\u00dft in Garmisch-Partenkirchen auf Kritik &#8211; auch bei der B\u00fcrgermeisterin. Zwei Tage vor dem Eintreffen der Politiker auf Schloss Elmau \u00e4u\u00dferte sie sich.<\/p>\n","protected":false},"author":5,"featured_media":0,"comment_status":"closed","ping_status":"open","sticky":false,"template":"","format":"standard","meta":[],"categories":[5],"tags":[],"_links":{"self":[{"href":"http:\/\/cms.mtsomnii.de\/w7\/wp-json\/wp\/v2\/posts\/11211"}],"collection":[{"href":"http:\/\/cms.mtsomnii.de\/w7\/wp-json\/wp\/v2\/posts"}],"about":[{"href":"http:\/\/cms.mtsomnii.de\/w7\/wp-json\/wp\/v2\/types\/post"}],"author":[{"embeddable":true,"href":"http:\/\/cms.mtsomnii.de\/w7\/wp-json\/wp\/v2\/users\/5"}],"replies":[{"embeddable":true,"href":"http:\/\/cms.mtsomnii.de\/w7\/wp-json\/wp\/v2\/comments?post=11211"}],"version-history":[{"count":0,"href":"http:\/\/cms.mtsomnii.de\/w7\/wp-json\/wp\/v2\/posts\/11211\/revisions"}],"wp:attachment":[{"href":"http:\/\/cms.mtsomnii.de\/w7\/wp-json\/wp\/v2\/media?parent=11211"}],"wp:term":[{"taxonomy":"category","embeddable":true,"href":"http:\/\/cms.mtsomnii.de\/w7\/wp-json\/wp\/v2\/categories?post=11211"},{"taxonomy":"post_tag","embeddable":true,"href":"http:\/\/cms.mtsomnii.de\/w7\/wp-json\/wp\/v2\/tags?post=11211"}],"curies":[{"name":"wp","href":"https:\/\/api.w.org\/{rel}","templated":true}]}}