{"id":11213,"date":"2022-06-24T19:01:42","date_gmt":"2022-06-24T17:01:42","guid":{"rendered":"http:\/\/cms.mtsomnii.de\/w7\/merkur-de-gap\/g7-gipfel-2022-elmau-kritiker-protestcamp-organisatoren-stop-g7-elmau-empoerung-91630302-html-11213\/"},"modified":"2022-06-24T19:01:42","modified_gmt":"2022-06-24T17:01:42","slug":"g7-gipfel-2022-elmau-kritiker-protestcamp-organisatoren-stop-g7-elmau-empoerung-91630302-html","status":"publish","type":"post","link":"http:\/\/cms.mtsomnii.de\/w7\/merkur-de-gap\/g7-gipfel-2022-elmau-kritiker-protestcamp-organisatoren-stop-g7-elmau-empoerung-91630302-html-11213\/","title":{"rendered":"G7-Kritiker bauen Protestcamp auf: Organisatoren \u00fcber Beh\u00f6rdenschreiben emp\u00f6rt"},"content":{"rendered":"<div>Bereits zwei Tage vor dem G7-Gipfel in Elmau bauen Kritiker ihr Protestcamp in Garmisch-Partenkirchen auf. Ein Schreiben der Beh\u00f6rden sorgt f\u00fcr Irritation.<\/div>\n","protected":false},"excerpt":{"rendered":"<p>Bereits zwei Tage vor dem G7-Gipfel in Elmau bauen Kritiker ihr Protestcamp in Garmisch-Partenkirchen auf. Ein Schreiben der Beh\u00f6rden sorgt f\u00fcr Irritation.<\/p>\n","protected":false},"author":5,"featured_media":0,"comment_status":"closed","ping_status":"open","sticky":false,"template":"","format":"standard","meta":[],"categories":[5],"tags":[],"_links":{"self":[{"href":"http:\/\/cms.mtsomnii.de\/w7\/wp-json\/wp\/v2\/posts\/11213"}],"collection":[{"href":"http:\/\/cms.mtsomnii.de\/w7\/wp-json\/wp\/v2\/posts"}],"about":[{"href":"http:\/\/cms.mtsomnii.de\/w7\/wp-json\/wp\/v2\/types\/post"}],"author":[{"embeddable":true,"href":"http:\/\/cms.mtsomnii.de\/w7\/wp-json\/wp\/v2\/users\/5"}],"replies":[{"embeddable":true,"href":"http:\/\/cms.mtsomnii.de\/w7\/wp-json\/wp\/v2\/comments?post=11213"}],"version-history":[{"count":0,"href":"http:\/\/cms.mtsomnii.de\/w7\/wp-json\/wp\/v2\/posts\/11213\/revisions"}],"wp:attachment":[{"href":"http:\/\/cms.mtsomnii.de\/w7\/wp-json\/wp\/v2\/media?parent=11213"}],"wp:term":[{"taxonomy":"category","embeddable":true,"href":"http:\/\/cms.mtsomnii.de\/w7\/wp-json\/wp\/v2\/categories?post=11213"},{"taxonomy":"post_tag","embeddable":true,"href":"http:\/\/cms.mtsomnii.de\/w7\/wp-json\/wp\/v2\/tags?post=11213"}],"curies":[{"name":"wp","href":"https:\/\/api.w.org\/{rel}","templated":true}]}}