{"id":11239,"date":"2022-06-25T18:35:00","date_gmt":"2022-06-25T16:35:00","guid":{"rendered":"http:\/\/cms.mtsomnii.de\/w7\/merkur-de-gap\/g7-gipfel-2022-elmau-mittenwalder-bergwacht-streik-bezahlung-geld-erfolg-einsatz-rettung-91630993-html-11239\/"},"modified":"2022-06-25T18:35:00","modified_gmt":"2022-06-25T16:35:00","slug":"g7-gipfel-2022-elmau-mittenwalder-bergwacht-streik-bezahlung-geld-erfolg-einsatz-rettung-91630993-html","status":"publish","type":"post","link":"http:\/\/cms.mtsomnii.de\/w7\/merkur-de-gap\/g7-gipfel-2022-elmau-mittenwalder-bergwacht-streik-bezahlung-geld-erfolg-einsatz-rettung-91630993-html-11239\/","title":{"rendered":"\u201eUns geht es um eine Gleichbehandlung\u201c: Mittenwalder Bergwacht-Rebellen streiken kurz vor G7-Gipfel"},"content":{"rendered":"<div>Die Mittenwalder Bergwacht k\u00fcndigte kurz vor dem G7-Gipfel an, beim Rettungsdienst f\u00fcr das Treffen auszusteigen. Die Forderungen zur Gleichberechtigung f\u00fchren zum Erfolg.<\/div>\n","protected":false},"excerpt":{"rendered":"<p>Die Mittenwalder Bergwacht k\u00fcndigte kurz vor dem G7-Gipfel an, beim Rettungsdienst f\u00fcr das Treffen auszusteigen. Die Forderungen zur Gleichberechtigung f\u00fchren zum Erfolg.<\/p>\n","protected":false},"author":5,"featured_media":0,"comment_status":"closed","ping_status":"open","sticky":false,"template":"","format":"standard","meta":[],"categories":[5],"tags":[],"_links":{"self":[{"href":"http:\/\/cms.mtsomnii.de\/w7\/wp-json\/wp\/v2\/posts\/11239"}],"collection":[{"href":"http:\/\/cms.mtsomnii.de\/w7\/wp-json\/wp\/v2\/posts"}],"about":[{"href":"http:\/\/cms.mtsomnii.de\/w7\/wp-json\/wp\/v2\/types\/post"}],"author":[{"embeddable":true,"href":"http:\/\/cms.mtsomnii.de\/w7\/wp-json\/wp\/v2\/users\/5"}],"replies":[{"embeddable":true,"href":"http:\/\/cms.mtsomnii.de\/w7\/wp-json\/wp\/v2\/comments?post=11239"}],"version-history":[{"count":0,"href":"http:\/\/cms.mtsomnii.de\/w7\/wp-json\/wp\/v2\/posts\/11239\/revisions"}],"wp:attachment":[{"href":"http:\/\/cms.mtsomnii.de\/w7\/wp-json\/wp\/v2\/media?parent=11239"}],"wp:term":[{"taxonomy":"category","embeddable":true,"href":"http:\/\/cms.mtsomnii.de\/w7\/wp-json\/wp\/v2\/categories?post=11239"},{"taxonomy":"post_tag","embeddable":true,"href":"http:\/\/cms.mtsomnii.de\/w7\/wp-json\/wp\/v2\/tags?post=11239"}],"curies":[{"name":"wp","href":"https:\/\/api.w.org\/{rel}","templated":true}]}}