{"id":11282,"date":"2022-06-27T09:49:00","date_gmt":"2022-06-27T07:49:00","guid":{"rendered":"http:\/\/cms.mtsomnii.de\/w7\/merkur-de-gap\/g7-gipfel-elmau-2022-bundeskanzler-olaf-scholz-verschwunden-soeder-biden-empfang-bayern-flughafen-91632411-html-11282\/"},"modified":"2022-06-27T09:49:00","modified_gmt":"2022-06-27T07:49:00","slug":"g7-gipfel-elmau-2022-bundeskanzler-olaf-scholz-verschwunden-soeder-biden-empfang-bayern-flughafen-91632411-html","status":"publish","type":"post","link":"http:\/\/cms.mtsomnii.de\/w7\/merkur-de-gap\/g7-gipfel-elmau-2022-bundeskanzler-olaf-scholz-verschwunden-soeder-biden-empfang-bayern-flughafen-91632411-html-11282\/","title":{"rendered":"G7-Gipfel 2022 in Elmau: Und pl\u00f6tzlich ist Bundeskanzler Olaf Scholz verschwunden"},"content":{"rendered":"<div>Die Welt ist zu Gast bei Markus S\u00f6der. Oder? Der Ministerpr\u00e4sident nutzt den G7-Gipfel der Bundesregierung gezielt f\u00fcr Eigen- und Bayern-Werbung. \u201eSchamlos\u201c, finden das seine Kritiker. Doch die Rechnung geht bisher auf.<\/div>\n","protected":false},"excerpt":{"rendered":"<p>Die Welt ist zu Gast bei Markus S\u00f6der. Oder? Der Ministerpr\u00e4sident nutzt den G7-Gipfel der Bundesregierung gezielt f\u00fcr Eigen- und Bayern-Werbung. \u201eSchamlos\u201c, finden das seine Kritiker. Doch die Rechnung geht bisher auf.<\/p>\n","protected":false},"author":5,"featured_media":0,"comment_status":"closed","ping_status":"open","sticky":false,"template":"","format":"standard","meta":[],"categories":[5],"tags":[],"_links":{"self":[{"href":"http:\/\/cms.mtsomnii.de\/w7\/wp-json\/wp\/v2\/posts\/11282"}],"collection":[{"href":"http:\/\/cms.mtsomnii.de\/w7\/wp-json\/wp\/v2\/posts"}],"about":[{"href":"http:\/\/cms.mtsomnii.de\/w7\/wp-json\/wp\/v2\/types\/post"}],"author":[{"embeddable":true,"href":"http:\/\/cms.mtsomnii.de\/w7\/wp-json\/wp\/v2\/users\/5"}],"replies":[{"embeddable":true,"href":"http:\/\/cms.mtsomnii.de\/w7\/wp-json\/wp\/v2\/comments?post=11282"}],"version-history":[{"count":0,"href":"http:\/\/cms.mtsomnii.de\/w7\/wp-json\/wp\/v2\/posts\/11282\/revisions"}],"wp:attachment":[{"href":"http:\/\/cms.mtsomnii.de\/w7\/wp-json\/wp\/v2\/media?parent=11282"}],"wp:term":[{"taxonomy":"category","embeddable":true,"href":"http:\/\/cms.mtsomnii.de\/w7\/wp-json\/wp\/v2\/categories?post=11282"},{"taxonomy":"post_tag","embeddable":true,"href":"http:\/\/cms.mtsomnii.de\/w7\/wp-json\/wp\/v2\/tags?post=11282"}],"curies":[{"name":"wp","href":"https:\/\/api.w.org\/{rel}","templated":true}]}}