{"id":11285,"date":"2022-06-27T09:52:00","date_gmt":"2022-06-27T07:52:00","guid":{"rendered":"http:\/\/cms.mtsomnii.de\/w7\/merkur-de-gap\/mittenwald-tiefkarspitze-absturz-junge-kletterer-karwendel-polizeihubschrauber-bergwacht-91631488-html-11285\/"},"modified":"2022-06-27T09:52:00","modified_gmt":"2022-06-27T07:52:00","slug":"mittenwald-tiefkarspitze-absturz-junge-kletterer-karwendel-polizeihubschrauber-bergwacht-91631488-html","status":"publish","type":"post","link":"http:\/\/cms.mtsomnii.de\/w7\/merkur-de-gap\/mittenwald-tiefkarspitze-absturz-junge-kletterer-karwendel-polizeihubschrauber-bergwacht-91631488-html-11285\/","title":{"rendered":"Furchtbare Szenen am Berg: Junge Kletterer st\u00fcrzen im Karwendel in den Tod &#8211; Alpin-Polizist ermittelt"},"content":{"rendered":"<div>Tragisches Ungl\u00fcck im Karwendelgebirge: Am Samstagnachmittag sind zwei junge Kletterer abgest\u00fcrzt &#8211; f\u00fcr sie kam jede Hilfe zu sp\u00e4t.<\/div>\n","protected":false},"excerpt":{"rendered":"<p>Tragisches Ungl\u00fcck im Karwendelgebirge: Am Samstagnachmittag sind zwei junge Kletterer abgest\u00fcrzt &#8211; f\u00fcr sie kam jede Hilfe zu sp\u00e4t.<\/p>\n","protected":false},"author":5,"featured_media":0,"comment_status":"closed","ping_status":"open","sticky":false,"template":"","format":"standard","meta":[],"categories":[5],"tags":[],"_links":{"self":[{"href":"http:\/\/cms.mtsomnii.de\/w7\/wp-json\/wp\/v2\/posts\/11285"}],"collection":[{"href":"http:\/\/cms.mtsomnii.de\/w7\/wp-json\/wp\/v2\/posts"}],"about":[{"href":"http:\/\/cms.mtsomnii.de\/w7\/wp-json\/wp\/v2\/types\/post"}],"author":[{"embeddable":true,"href":"http:\/\/cms.mtsomnii.de\/w7\/wp-json\/wp\/v2\/users\/5"}],"replies":[{"embeddable":true,"href":"http:\/\/cms.mtsomnii.de\/w7\/wp-json\/wp\/v2\/comments?post=11285"}],"version-history":[{"count":0,"href":"http:\/\/cms.mtsomnii.de\/w7\/wp-json\/wp\/v2\/posts\/11285\/revisions"}],"wp:attachment":[{"href":"http:\/\/cms.mtsomnii.de\/w7\/wp-json\/wp\/v2\/media?parent=11285"}],"wp:term":[{"taxonomy":"category","embeddable":true,"href":"http:\/\/cms.mtsomnii.de\/w7\/wp-json\/wp\/v2\/categories?post=11285"},{"taxonomy":"post_tag","embeddable":true,"href":"http:\/\/cms.mtsomnii.de\/w7\/wp-json\/wp\/v2\/tags?post=11285"}],"curies":[{"name":"wp","href":"https:\/\/api.w.org\/{rel}","templated":true}]}}