{"id":11286,"date":"2022-06-27T09:56:00","date_gmt":"2022-06-27T07:56:00","guid":{"rendered":"http:\/\/cms.mtsomnii.de\/w7\/merkur-de-gap\/g7-gipfel-2022-elmau-hubschrauber-helikopter-us-praesident-biden-auto-anfahrt-grund-91631881-html-11286\/"},"modified":"2022-06-27T09:56:00","modified_gmt":"2022-06-27T07:56:00","slug":"g7-gipfel-2022-elmau-hubschrauber-helikopter-us-praesident-biden-auto-anfahrt-grund-91631881-html","status":"publish","type":"post","link":"http:\/\/cms.mtsomnii.de\/w7\/merkur-de-gap\/g7-gipfel-2022-elmau-hubschrauber-helikopter-us-praesident-biden-auto-anfahrt-grund-91631881-html-11286\/","title":{"rendered":"G7-Gipfel: Biden fuhr in Riesen-Wagenkolonne nach Elmau &#8211; jetzt ist klar, warum er nicht geflogen ist"},"content":{"rendered":"<div>Seit Samstagabend wird spekuliert, warum US-Pr\u00e4sident Joe Biden nicht mit dem Hubschrauber zum G7-Gipfel in Elmau geflogen wurde. Jetzt wurden die Hintergr\u00fcnde erkl\u00e4rt.<\/div>\n","protected":false},"excerpt":{"rendered":"<p>Seit Samstagabend wird spekuliert, warum US-Pr\u00e4sident Joe Biden nicht mit dem Hubschrauber zum G7-Gipfel in Elmau geflogen wurde. Jetzt wurden die Hintergr\u00fcnde erkl\u00e4rt.<\/p>\n","protected":false},"author":5,"featured_media":0,"comment_status":"closed","ping_status":"open","sticky":false,"template":"","format":"standard","meta":[],"categories":[5],"tags":[],"_links":{"self":[{"href":"http:\/\/cms.mtsomnii.de\/w7\/wp-json\/wp\/v2\/posts\/11286"}],"collection":[{"href":"http:\/\/cms.mtsomnii.de\/w7\/wp-json\/wp\/v2\/posts"}],"about":[{"href":"http:\/\/cms.mtsomnii.de\/w7\/wp-json\/wp\/v2\/types\/post"}],"author":[{"embeddable":true,"href":"http:\/\/cms.mtsomnii.de\/w7\/wp-json\/wp\/v2\/users\/5"}],"replies":[{"embeddable":true,"href":"http:\/\/cms.mtsomnii.de\/w7\/wp-json\/wp\/v2\/comments?post=11286"}],"version-history":[{"count":0,"href":"http:\/\/cms.mtsomnii.de\/w7\/wp-json\/wp\/v2\/posts\/11286\/revisions"}],"wp:attachment":[{"href":"http:\/\/cms.mtsomnii.de\/w7\/wp-json\/wp\/v2\/media?parent=11286"}],"wp:term":[{"taxonomy":"category","embeddable":true,"href":"http:\/\/cms.mtsomnii.de\/w7\/wp-json\/wp\/v2\/categories?post=11286"},{"taxonomy":"post_tag","embeddable":true,"href":"http:\/\/cms.mtsomnii.de\/w7\/wp-json\/wp\/v2\/tags?post=11286"}],"curies":[{"name":"wp","href":"https:\/\/api.w.org\/{rel}","templated":true}]}}