{"id":11297,"date":"2022-06-27T12:26:00","date_gmt":"2022-06-27T10:26:00","guid":{"rendered":"http:\/\/cms.mtsomnii.de\/w7\/merkur-de-gap\/g7-gipfel-elmau-ukraine-news-krieg-biden-scholz-macron-ticker-demo-garmisch-polizei-putin-91631298-html-2-11297\/"},"modified":"2022-06-27T12:26:00","modified_gmt":"2022-06-27T10:26:00","slug":"g7-gipfel-elmau-ukraine-news-krieg-biden-scholz-macron-ticker-demo-garmisch-polizei-putin-91631298-html-2","status":"publish","type":"post","link":"http:\/\/cms.mtsomnii.de\/w7\/merkur-de-gap\/g7-gipfel-elmau-ukraine-news-krieg-biden-scholz-macron-ticker-demo-garmisch-polizei-putin-91631298-html-2-11297\/","title":{"rendered":"G7-Gipfel: \u201eNoch geh\u00f6rt Bayern zu Deutschland\u201c \u2013 S\u00f6der erkl\u00e4rt Fehlen von Scholz bei Twitter-Gru\u00df"},"content":{"rendered":"<div>Der G7-Gipfel in Elmau am ersten Tag: Neben Politik, Partnerinnen-Programm und Protest sorgte auch der Bayerische Ministerpr\u00e4sident f\u00fcr Wirbel.<\/div>\n","protected":false},"excerpt":{"rendered":"<p>Der G7-Gipfel in Elmau am ersten Tag: Neben Politik, Partnerinnen-Programm und Protest sorgte auch der Bayerische Ministerpr\u00e4sident f\u00fcr Wirbel.<\/p>\n","protected":false},"author":5,"featured_media":0,"comment_status":"closed","ping_status":"open","sticky":false,"template":"","format":"standard","meta":[],"categories":[5],"tags":[],"_links":{"self":[{"href":"http:\/\/cms.mtsomnii.de\/w7\/wp-json\/wp\/v2\/posts\/11297"}],"collection":[{"href":"http:\/\/cms.mtsomnii.de\/w7\/wp-json\/wp\/v2\/posts"}],"about":[{"href":"http:\/\/cms.mtsomnii.de\/w7\/wp-json\/wp\/v2\/types\/post"}],"author":[{"embeddable":true,"href":"http:\/\/cms.mtsomnii.de\/w7\/wp-json\/wp\/v2\/users\/5"}],"replies":[{"embeddable":true,"href":"http:\/\/cms.mtsomnii.de\/w7\/wp-json\/wp\/v2\/comments?post=11297"}],"version-history":[{"count":0,"href":"http:\/\/cms.mtsomnii.de\/w7\/wp-json\/wp\/v2\/posts\/11297\/revisions"}],"wp:attachment":[{"href":"http:\/\/cms.mtsomnii.de\/w7\/wp-json\/wp\/v2\/media?parent=11297"}],"wp:term":[{"taxonomy":"category","embeddable":true,"href":"http:\/\/cms.mtsomnii.de\/w7\/wp-json\/wp\/v2\/categories?post=11297"},{"taxonomy":"post_tag","embeddable":true,"href":"http:\/\/cms.mtsomnii.de\/w7\/wp-json\/wp\/v2\/tags?post=11297"}],"curies":[{"name":"wp","href":"https:\/\/api.w.org\/{rel}","templated":true}]}}