{"id":11300,"date":"2022-06-27T13:39:13","date_gmt":"2022-06-27T11:39:13","guid":{"rendered":"http:\/\/cms.mtsomnii.de\/w7\/merkur-de-gap\/g7-gipfel-2022-in-elmau-die-maechtigen-zu-gast-auf-schloss-elnmau-91633456-html-11300\/"},"modified":"2022-06-27T13:39:13","modified_gmt":"2022-06-27T11:39:13","slug":"g7-gipfel-2022-in-elmau-die-maechtigen-zu-gast-auf-schloss-elnmau-91633456-html","status":"publish","type":"post","link":"http:\/\/cms.mtsomnii.de\/w7\/merkur-de-gap\/g7-gipfel-2022-in-elmau-die-maechtigen-zu-gast-auf-schloss-elnmau-91633456-html-11300\/","title":{"rendered":"G7-Gipfel 2022 in Elmau: Die M\u00e4chtigen zu Gast auf Schloss Elmau"},"content":{"rendered":"<div>Schulterschluss im Schlosshotel: Zum Auftakt des G7-Gipfels beschw\u00f6ren die Staatschefs die Einigkeit des Westens gegen\u00fcber Russland. Die Atmosph\u00e4re ist ernster als beim letzten Treffen in Elmau \u2013 auch weil viele Teilnehmer selbst politisch angez\u00e4hlt sind.<\/div>\n","protected":false},"excerpt":{"rendered":"<p>Schulterschluss im Schlosshotel: Zum Auftakt des G7-Gipfels beschw\u00f6ren die Staatschefs die Einigkeit des Westens gegen\u00fcber Russland. Die Atmosph\u00e4re ist ernster als beim letzten Treffen in Elmau \u2013 auch weil viele Teilnehmer selbst politisch angez\u00e4hlt sind.<\/p>\n","protected":false},"author":5,"featured_media":0,"comment_status":"closed","ping_status":"open","sticky":false,"template":"","format":"standard","meta":[],"categories":[5],"tags":[],"_links":{"self":[{"href":"http:\/\/cms.mtsomnii.de\/w7\/wp-json\/wp\/v2\/posts\/11300"}],"collection":[{"href":"http:\/\/cms.mtsomnii.de\/w7\/wp-json\/wp\/v2\/posts"}],"about":[{"href":"http:\/\/cms.mtsomnii.de\/w7\/wp-json\/wp\/v2\/types\/post"}],"author":[{"embeddable":true,"href":"http:\/\/cms.mtsomnii.de\/w7\/wp-json\/wp\/v2\/users\/5"}],"replies":[{"embeddable":true,"href":"http:\/\/cms.mtsomnii.de\/w7\/wp-json\/wp\/v2\/comments?post=11300"}],"version-history":[{"count":0,"href":"http:\/\/cms.mtsomnii.de\/w7\/wp-json\/wp\/v2\/posts\/11300\/revisions"}],"wp:attachment":[{"href":"http:\/\/cms.mtsomnii.de\/w7\/wp-json\/wp\/v2\/media?parent=11300"}],"wp:term":[{"taxonomy":"category","embeddable":true,"href":"http:\/\/cms.mtsomnii.de\/w7\/wp-json\/wp\/v2\/categories?post=11300"},{"taxonomy":"post_tag","embeddable":true,"href":"http:\/\/cms.mtsomnii.de\/w7\/wp-json\/wp\/v2\/tags?post=11300"}],"curies":[{"name":"wp","href":"https:\/\/api.w.org\/{rel}","templated":true}]}}