{"id":1131,"date":"2020-04-30T16:21:00","date_gmt":"2020-04-30T16:21:00","guid":{"rendered":"https:\/\/w7vongap.de\/kreisbote-gap\/landratsamt-garmisch-partenkirchen-eingeschraenkt-besucherverkehr-geoeffnet-13746119-html-1131\/"},"modified":"2020-04-30T16:21:00","modified_gmt":"2020-04-30T16:21:00","slug":"landratsamt-garmisch-partenkirchen-eingeschraenkt-besucherverkehr-geoeffnet-13746119-html","status":"publish","type":"post","link":"http:\/\/cms.mtsomnii.de\/w7\/kreisbote-gap\/landratsamt-garmisch-partenkirchen-eingeschraenkt-besucherverkehr-geoeffnet-13746119-html-1131\/","title":{"rendered":"Landratsamt Garmisch-Partenkirchen eingeschr\u00e4nkt f\u00fcr Besucherverkehr ge\u00f6ffnet"},"content":{"rendered":"<div>GAP&nbsp;&ndash; Momentan sind an vielen Orten kleine Schritte in Richtung Normalit&auml;t sp&uuml;rbar, die Hoffnung machen. Auch am Landratsamt: Wenn auch nur eingeschr&auml;nkt, ist es nun wieder f&uuml;r den Besucherverkehr ge&ouml;ffnet. Folgende Hinweise sollte man jedoch beachten:<\/div>\n","protected":false},"excerpt":{"rendered":"<p>GAP&nbsp;&ndash; Momentan sind an vielen Orten kleine Schritte in Richtung Normalit&auml;t sp&uuml;rbar, die Hoffnung machen. Auch am Landratsamt: Wenn auch nur eingeschr&auml;nkt, ist es nun wieder f&uuml;r den Besucherverkehr ge&ouml;ffnet. Folgende Hinweise sollte man jedoch beachten:<\/p>\n","protected":false},"author":4,"featured_media":212,"comment_status":"closed","ping_status":"open","sticky":false,"template":"","format":"standard","meta":[],"categories":[2],"tags":[],"_links":{"self":[{"href":"http:\/\/cms.mtsomnii.de\/w7\/wp-json\/wp\/v2\/posts\/1131"}],"collection":[{"href":"http:\/\/cms.mtsomnii.de\/w7\/wp-json\/wp\/v2\/posts"}],"about":[{"href":"http:\/\/cms.mtsomnii.de\/w7\/wp-json\/wp\/v2\/types\/post"}],"author":[{"embeddable":true,"href":"http:\/\/cms.mtsomnii.de\/w7\/wp-json\/wp\/v2\/users\/4"}],"replies":[{"embeddable":true,"href":"http:\/\/cms.mtsomnii.de\/w7\/wp-json\/wp\/v2\/comments?post=1131"}],"version-history":[{"count":0,"href":"http:\/\/cms.mtsomnii.de\/w7\/wp-json\/wp\/v2\/posts\/1131\/revisions"}],"wp:featuredmedia":[{"embeddable":true,"href":"http:\/\/cms.mtsomnii.de\/w7\/wp-json\/wp\/v2\/media\/212"}],"wp:attachment":[{"href":"http:\/\/cms.mtsomnii.de\/w7\/wp-json\/wp\/v2\/media?parent=1131"}],"wp:term":[{"taxonomy":"category","embeddable":true,"href":"http:\/\/cms.mtsomnii.de\/w7\/wp-json\/wp\/v2\/categories?post=1131"},{"taxonomy":"post_tag","embeddable":true,"href":"http:\/\/cms.mtsomnii.de\/w7\/wp-json\/wp\/v2\/tags?post=1131"}],"curies":[{"name":"wp","href":"https:\/\/api.w.org\/{rel}","templated":true}]}}