{"id":11323,"date":"2022-06-27T22:37:44","date_gmt":"2022-06-27T20:37:44","guid":{"rendered":"http:\/\/cms.mtsomnii.de\/w7\/merkur-de-gap\/g7-gipfel-2022-elmau-emmanuel-macron-frankreich-bayern-bergluft-91633823-html-11323\/"},"modified":"2022-06-27T22:37:44","modified_gmt":"2022-06-27T20:37:44","slug":"g7-gipfel-2022-elmau-emmanuel-macron-frankreich-bayern-bergluft-91633823-html","status":"publish","type":"post","link":"http:\/\/cms.mtsomnii.de\/w7\/merkur-de-gap\/g7-gipfel-2022-elmau-emmanuel-macron-frankreich-bayern-bergluft-91633823-html-11323\/","title":{"rendered":"G7-Gipfel 2022 in Elmau: Ehepaar Macron stiehlt sich abends heimlich davon &#8211; \u201eBonsoir\u201c"},"content":{"rendered":"<div>Das Gebiet rund um Schloss Elmau steht unter hohen Sicherheitsvorkehrungen. Der franz\u00f6sische Pr\u00e4sident machte sich das nun f\u00fcr einen n\u00e4chtlichen Ausflug zunutze &#8211; die Polizei wusste offenbar von nichts.<\/div>\n","protected":false},"excerpt":{"rendered":"<p>Das Gebiet rund um Schloss Elmau steht unter hohen Sicherheitsvorkehrungen. Der franz\u00f6sische Pr\u00e4sident machte sich das nun f\u00fcr einen n\u00e4chtlichen Ausflug zunutze &#8211; die Polizei wusste offenbar von nichts.<\/p>\n","protected":false},"author":5,"featured_media":0,"comment_status":"closed","ping_status":"open","sticky":false,"template":"","format":"standard","meta":[],"categories":[5],"tags":[],"_links":{"self":[{"href":"http:\/\/cms.mtsomnii.de\/w7\/wp-json\/wp\/v2\/posts\/11323"}],"collection":[{"href":"http:\/\/cms.mtsomnii.de\/w7\/wp-json\/wp\/v2\/posts"}],"about":[{"href":"http:\/\/cms.mtsomnii.de\/w7\/wp-json\/wp\/v2\/types\/post"}],"author":[{"embeddable":true,"href":"http:\/\/cms.mtsomnii.de\/w7\/wp-json\/wp\/v2\/users\/5"}],"replies":[{"embeddable":true,"href":"http:\/\/cms.mtsomnii.de\/w7\/wp-json\/wp\/v2\/comments?post=11323"}],"version-history":[{"count":0,"href":"http:\/\/cms.mtsomnii.de\/w7\/wp-json\/wp\/v2\/posts\/11323\/revisions"}],"wp:attachment":[{"href":"http:\/\/cms.mtsomnii.de\/w7\/wp-json\/wp\/v2\/media?parent=11323"}],"wp:term":[{"taxonomy":"category","embeddable":true,"href":"http:\/\/cms.mtsomnii.de\/w7\/wp-json\/wp\/v2\/categories?post=11323"},{"taxonomy":"post_tag","embeddable":true,"href":"http:\/\/cms.mtsomnii.de\/w7\/wp-json\/wp\/v2\/tags?post=11323"}],"curies":[{"name":"wp","href":"https:\/\/api.w.org\/{rel}","templated":true}]}}