{"id":11331,"date":"2022-06-28T05:33:12","date_gmt":"2022-06-28T03:33:12","guid":{"rendered":"http:\/\/cms.mtsomnii.de\/w7\/merkur-de-gap\/g7-gipfel-2022-elmau-speisekarte-menue-91633051-html-11331\/"},"modified":"2022-06-28T05:33:12","modified_gmt":"2022-06-28T03:33:12","slug":"g7-gipfel-2022-elmau-speisekarte-menue-91633051-html","status":"publish","type":"post","link":"http:\/\/cms.mtsomnii.de\/w7\/merkur-de-gap\/g7-gipfel-2022-elmau-speisekarte-menue-91633051-html-11331\/","title":{"rendered":"Bayerische Delikatessen f\u00fcr Biden, Scholz und Co.: So schlemmen die G7-Staatschefs"},"content":{"rendered":"<div>Der G7-Gipfel auf Schloss Elmau geht in die n\u00e4chste Runde. Zwischen dem engmaschigen Tagesplan werden die Politiker f\u00fcrstlich umsorgt. Diese luxuri\u00f6sen Gerichte stehen auf der Speisekarte.<\/div>\n","protected":false},"excerpt":{"rendered":"<p>Der G7-Gipfel auf Schloss Elmau geht in die n\u00e4chste Runde. Zwischen dem engmaschigen Tagesplan werden die Politiker f\u00fcrstlich umsorgt. Diese luxuri\u00f6sen Gerichte stehen auf der Speisekarte.<\/p>\n","protected":false},"author":5,"featured_media":0,"comment_status":"closed","ping_status":"open","sticky":false,"template":"","format":"standard","meta":[],"categories":[5],"tags":[],"_links":{"self":[{"href":"http:\/\/cms.mtsomnii.de\/w7\/wp-json\/wp\/v2\/posts\/11331"}],"collection":[{"href":"http:\/\/cms.mtsomnii.de\/w7\/wp-json\/wp\/v2\/posts"}],"about":[{"href":"http:\/\/cms.mtsomnii.de\/w7\/wp-json\/wp\/v2\/types\/post"}],"author":[{"embeddable":true,"href":"http:\/\/cms.mtsomnii.de\/w7\/wp-json\/wp\/v2\/users\/5"}],"replies":[{"embeddable":true,"href":"http:\/\/cms.mtsomnii.de\/w7\/wp-json\/wp\/v2\/comments?post=11331"}],"version-history":[{"count":0,"href":"http:\/\/cms.mtsomnii.de\/w7\/wp-json\/wp\/v2\/posts\/11331\/revisions"}],"wp:attachment":[{"href":"http:\/\/cms.mtsomnii.de\/w7\/wp-json\/wp\/v2\/media?parent=11331"}],"wp:term":[{"taxonomy":"category","embeddable":true,"href":"http:\/\/cms.mtsomnii.de\/w7\/wp-json\/wp\/v2\/categories?post=11331"},{"taxonomy":"post_tag","embeddable":true,"href":"http:\/\/cms.mtsomnii.de\/w7\/wp-json\/wp\/v2\/tags?post=11331"}],"curies":[{"name":"wp","href":"https:\/\/api.w.org\/{rel}","templated":true}]}}