{"id":11333,"date":"2022-06-28T05:40:22","date_gmt":"2022-06-28T03:40:22","guid":{"rendered":"http:\/\/cms.mtsomnii.de\/w7\/merkur-de-gap\/g7-gipfel-elmau-koch-belastung-region-garmisch-partenkirchen-politiker-buergermeisterin-91634423-html-11333\/"},"modified":"2022-06-28T05:40:22","modified_gmt":"2022-06-28T03:40:22","slug":"g7-gipfel-elmau-koch-belastung-region-garmisch-partenkirchen-politiker-buergermeisterin-91634423-html","status":"publish","type":"post","link":"http:\/\/cms.mtsomnii.de\/w7\/merkur-de-gap\/g7-gipfel-elmau-koch-belastung-region-garmisch-partenkirchen-politiker-buergermeisterin-91634423-html-11333\/","title":{"rendered":"\u201eDie Belastung f\u00fcr die Region ist grenzwertig\u201c &#8211; B\u00fcrgermeisterin Koch \u00fcber den G7-Gipfel"},"content":{"rendered":"<div>Garmisch-Partenkirchens B\u00fcrgermeisterin Elisabeth Koch zieht wegen der Belastung f\u00fcr die Einheimischen eine kritische Gipfel-Zwischenbilanz. Ein drittes Treffen in Elmau ist derzeit kein Thema.<\/div>\n","protected":false},"excerpt":{"rendered":"<p>Garmisch-Partenkirchens B\u00fcrgermeisterin Elisabeth Koch zieht wegen der Belastung f\u00fcr die Einheimischen eine kritische Gipfel-Zwischenbilanz. Ein drittes Treffen in Elmau ist derzeit kein Thema.<\/p>\n","protected":false},"author":5,"featured_media":0,"comment_status":"closed","ping_status":"open","sticky":false,"template":"","format":"standard","meta":[],"categories":[5],"tags":[],"_links":{"self":[{"href":"http:\/\/cms.mtsomnii.de\/w7\/wp-json\/wp\/v2\/posts\/11333"}],"collection":[{"href":"http:\/\/cms.mtsomnii.de\/w7\/wp-json\/wp\/v2\/posts"}],"about":[{"href":"http:\/\/cms.mtsomnii.de\/w7\/wp-json\/wp\/v2\/types\/post"}],"author":[{"embeddable":true,"href":"http:\/\/cms.mtsomnii.de\/w7\/wp-json\/wp\/v2\/users\/5"}],"replies":[{"embeddable":true,"href":"http:\/\/cms.mtsomnii.de\/w7\/wp-json\/wp\/v2\/comments?post=11333"}],"version-history":[{"count":0,"href":"http:\/\/cms.mtsomnii.de\/w7\/wp-json\/wp\/v2\/posts\/11333\/revisions"}],"wp:attachment":[{"href":"http:\/\/cms.mtsomnii.de\/w7\/wp-json\/wp\/v2\/media?parent=11333"}],"wp:term":[{"taxonomy":"category","embeddable":true,"href":"http:\/\/cms.mtsomnii.de\/w7\/wp-json\/wp\/v2\/categories?post=11333"},{"taxonomy":"post_tag","embeddable":true,"href":"http:\/\/cms.mtsomnii.de\/w7\/wp-json\/wp\/v2\/tags?post=11333"}],"curies":[{"name":"wp","href":"https:\/\/api.w.org\/{rel}","templated":true}]}}