{"id":11337,"date":"2022-06-28T05:52:16","date_gmt":"2022-06-28T03:52:16","guid":{"rendered":"http:\/\/cms.mtsomnii.de\/w7\/merkur-de-gap\/karwendel-kletterer-tiefkarspitze-mittenwald-absturz-bergwacht-huettenwirt-91632092-html-2-11337\/"},"modified":"2022-06-28T05:52:16","modified_gmt":"2022-06-28T03:52:16","slug":"karwendel-kletterer-tiefkarspitze-mittenwald-absturz-bergwacht-huettenwirt-91632092-html-2","status":"publish","type":"post","link":"http:\/\/cms.mtsomnii.de\/w7\/merkur-de-gap\/karwendel-kletterer-tiefkarspitze-mittenwald-absturz-bergwacht-huettenwirt-91632092-html-2-11337\/","title":{"rendered":"Zwei junge Kletterer st\u00fcrzen auf der Tiefkarspitze in den Tod &#8211; der H\u00fcttenwirt h\u00f6rte ihre Schreie"},"content":{"rendered":"<div>Bei einem Bergunfall auf der Tiefkarspitze in der N\u00e4he von Mittenwald sind eine junge Frau (19) und ein 20-J\u00e4hriger ums Leben gekommen. Der Wirt der Hochlandh\u00fctte h\u00f6rte noch ihre Schreie.<\/div>\n","protected":false},"excerpt":{"rendered":"<p>Bei einem Bergunfall auf der Tiefkarspitze in der N\u00e4he von Mittenwald sind eine junge Frau (19) und ein 20-J\u00e4hriger ums Leben gekommen. Der Wirt der Hochlandh\u00fctte h\u00f6rte noch ihre Schreie.<\/p>\n","protected":false},"author":5,"featured_media":0,"comment_status":"closed","ping_status":"open","sticky":false,"template":"","format":"standard","meta":[],"categories":[5],"tags":[],"_links":{"self":[{"href":"http:\/\/cms.mtsomnii.de\/w7\/wp-json\/wp\/v2\/posts\/11337"}],"collection":[{"href":"http:\/\/cms.mtsomnii.de\/w7\/wp-json\/wp\/v2\/posts"}],"about":[{"href":"http:\/\/cms.mtsomnii.de\/w7\/wp-json\/wp\/v2\/types\/post"}],"author":[{"embeddable":true,"href":"http:\/\/cms.mtsomnii.de\/w7\/wp-json\/wp\/v2\/users\/5"}],"replies":[{"embeddable":true,"href":"http:\/\/cms.mtsomnii.de\/w7\/wp-json\/wp\/v2\/comments?post=11337"}],"version-history":[{"count":0,"href":"http:\/\/cms.mtsomnii.de\/w7\/wp-json\/wp\/v2\/posts\/11337\/revisions"}],"wp:attachment":[{"href":"http:\/\/cms.mtsomnii.de\/w7\/wp-json\/wp\/v2\/media?parent=11337"}],"wp:term":[{"taxonomy":"category","embeddable":true,"href":"http:\/\/cms.mtsomnii.de\/w7\/wp-json\/wp\/v2\/categories?post=11337"},{"taxonomy":"post_tag","embeddable":true,"href":"http:\/\/cms.mtsomnii.de\/w7\/wp-json\/wp\/v2\/tags?post=11337"}],"curies":[{"name":"wp","href":"https:\/\/api.w.org\/{rel}","templated":true}]}}