{"id":11352,"date":"2022-06-28T11:00:00","date_gmt":"2022-06-28T09:00:00","guid":{"rendered":"http:\/\/cms.mtsomnii.de\/w7\/kreisbote-gap\/geh-gipfel-fuer-jeden-verschiedene-bergtouren-rund-um-den-austragungsort-schloss-elmau-91632767-html-11352\/"},"modified":"2022-06-28T11:00:00","modified_gmt":"2022-06-28T09:00:00","slug":"geh-gipfel-fuer-jeden-verschiedene-bergtouren-rund-um-den-austragungsort-schloss-elmau-91632767-html","status":"publish","type":"post","link":"http:\/\/cms.mtsomnii.de\/w7\/kreisbote-gap\/geh-gipfel-fuer-jeden-verschiedene-bergtouren-rund-um-den-austragungsort-schloss-elmau-91632767-html-11352\/","title":{"rendered":"Geh 7 Gipfel f\u00fcr jeden: Verschiedene Bergtouren rund um den Austragungsort Schloss Elmau"},"content":{"rendered":"<div>Landkreis \u2013 Zum G7-Gipfel kamen die Staats- und Regierungschefs der sieben wichtigsten Industrienationen dieses Jahr wieder nach Bayern. Die eindrucksvolle Bergkulisse der Zugspitz Region haben sie allerdings nur als Ausblick genie\u00dfen k\u00f6nnen. Alle anderen sind zu einem Gipfeltreffen der anderen, sportlichen Art aufgerufen: Geh 7 Gipfel! Auf der Webseite www.erlebe.bayern\/geh-7-gipfel stellt die Bayern Tourismus Marketing GmbH je sieben Gipfeltouren f\u00fcr sportlich Ambitionierte, Genie\u00dfer, Familien und auch f\u00fcr Faule vor.<\/div>\n","protected":false},"excerpt":{"rendered":"<p>Landkreis \u2013 Zum G7-Gipfel kamen die Staats- und Regierungschefs der sieben wichtigsten Industrienationen dieses Jahr wieder nach Bayern. Die eindrucksvolle Bergkulisse der Zugspitz Region haben sie allerdings nur als Ausblick genie\u00dfen k\u00f6nnen. Alle anderen sind zu einem Gipfeltreffen der anderen, sportlichen Art aufgerufen: Geh 7 Gipfel! Auf der Webseite www.erlebe.bayern\/geh-7-gipfel stellt die Bayern Tourismus Marketing GmbH je sieben Gipfeltouren f\u00fcr<\/p>\n","protected":false},"author":4,"featured_media":0,"comment_status":"closed","ping_status":"open","sticky":false,"template":"","format":"standard","meta":[],"categories":[2],"tags":[],"_links":{"self":[{"href":"http:\/\/cms.mtsomnii.de\/w7\/wp-json\/wp\/v2\/posts\/11352"}],"collection":[{"href":"http:\/\/cms.mtsomnii.de\/w7\/wp-json\/wp\/v2\/posts"}],"about":[{"href":"http:\/\/cms.mtsomnii.de\/w7\/wp-json\/wp\/v2\/types\/post"}],"author":[{"embeddable":true,"href":"http:\/\/cms.mtsomnii.de\/w7\/wp-json\/wp\/v2\/users\/4"}],"replies":[{"embeddable":true,"href":"http:\/\/cms.mtsomnii.de\/w7\/wp-json\/wp\/v2\/comments?post=11352"}],"version-history":[{"count":0,"href":"http:\/\/cms.mtsomnii.de\/w7\/wp-json\/wp\/v2\/posts\/11352\/revisions"}],"wp:attachment":[{"href":"http:\/\/cms.mtsomnii.de\/w7\/wp-json\/wp\/v2\/media?parent=11352"}],"wp:term":[{"taxonomy":"category","embeddable":true,"href":"http:\/\/cms.mtsomnii.de\/w7\/wp-json\/wp\/v2\/categories?post=11352"},{"taxonomy":"post_tag","embeddable":true,"href":"http:\/\/cms.mtsomnii.de\/w7\/wp-json\/wp\/v2\/tags?post=11352"}],"curies":[{"name":"wp","href":"https:\/\/api.w.org\/{rel}","templated":true}]}}