{"id":11366,"date":"2022-06-28T15:00:26","date_gmt":"2022-06-28T13:00:26","guid":{"rendered":"http:\/\/cms.mtsomnii.de\/w7\/merkur-de-gap\/g7-gipfel-2022-elmau-strassensperren-anwohner-wuetend-garmisch-partenkirchen-91635936-html-11366\/"},"modified":"2022-06-28T15:00:26","modified_gmt":"2022-06-28T13:00:26","slug":"g7-gipfel-2022-elmau-strassensperren-anwohner-wuetend-garmisch-partenkirchen-91635936-html","status":"publish","type":"post","link":"http:\/\/cms.mtsomnii.de\/w7\/merkur-de-gap\/g7-gipfel-2022-elmau-strassensperren-anwohner-wuetend-garmisch-partenkirchen-91635936-html-11366\/","title":{"rendered":"\u201eDie laufen doch alle nicht mehr rund\u201c: G7-Sperrungen lassen Anwohner verzweifeln \u2013 Nerven liegen blank"},"content":{"rendered":"<div>Mit dem Ende des G7-Gipfels in Elmau machen die Einheimischen drei Kreuzzeichen. Besonders die Stra\u00dfensperren lassen die Menschen verzweifeln. Auf Facebook \u00e4u\u00dfern sie Wut und \u00c4ngste.<\/div>\n","protected":false},"excerpt":{"rendered":"<p>Mit dem Ende des G7-Gipfels in Elmau machen die Einheimischen drei Kreuzzeichen. Besonders die Stra\u00dfensperren lassen die Menschen verzweifeln. Auf Facebook \u00e4u\u00dfern sie Wut und \u00c4ngste.<\/p>\n","protected":false},"author":5,"featured_media":0,"comment_status":"closed","ping_status":"open","sticky":false,"template":"","format":"standard","meta":[],"categories":[5],"tags":[],"_links":{"self":[{"href":"http:\/\/cms.mtsomnii.de\/w7\/wp-json\/wp\/v2\/posts\/11366"}],"collection":[{"href":"http:\/\/cms.mtsomnii.de\/w7\/wp-json\/wp\/v2\/posts"}],"about":[{"href":"http:\/\/cms.mtsomnii.de\/w7\/wp-json\/wp\/v2\/types\/post"}],"author":[{"embeddable":true,"href":"http:\/\/cms.mtsomnii.de\/w7\/wp-json\/wp\/v2\/users\/5"}],"replies":[{"embeddable":true,"href":"http:\/\/cms.mtsomnii.de\/w7\/wp-json\/wp\/v2\/comments?post=11366"}],"version-history":[{"count":0,"href":"http:\/\/cms.mtsomnii.de\/w7\/wp-json\/wp\/v2\/posts\/11366\/revisions"}],"wp:attachment":[{"href":"http:\/\/cms.mtsomnii.de\/w7\/wp-json\/wp\/v2\/media?parent=11366"}],"wp:term":[{"taxonomy":"category","embeddable":true,"href":"http:\/\/cms.mtsomnii.de\/w7\/wp-json\/wp\/v2\/categories?post=11366"},{"taxonomy":"post_tag","embeddable":true,"href":"http:\/\/cms.mtsomnii.de\/w7\/wp-json\/wp\/v2\/tags?post=11366"}],"curies":[{"name":"wp","href":"https:\/\/api.w.org\/{rel}","templated":true}]}}