{"id":11374,"date":"2022-06-28T17:07:35","date_gmt":"2022-06-28T15:07:35","guid":{"rendered":"http:\/\/cms.mtsomnii.de\/w7\/merkur-de-gap\/g7-gipfel-elmau-news-aktuell-biden-abreise-auto-garmisch-partenkirchen-sperrung-polizei-91635148-html-4-11374\/"},"modified":"2022-06-28T17:07:35","modified_gmt":"2022-06-28T15:07:35","slug":"g7-gipfel-elmau-news-aktuell-biden-abreise-auto-garmisch-partenkirchen-sperrung-polizei-91635148-html-4","status":"publish","type":"post","link":"http:\/\/cms.mtsomnii.de\/w7\/merkur-de-gap\/g7-gipfel-elmau-news-aktuell-biden-abreise-auto-garmisch-partenkirchen-sperrung-polizei-91635148-html-4-11374\/","title":{"rendered":"G7-Gipfel in Elmau: S\u00f6der-Klartext zur G7-Zukunft in Bayern &#8211; Bidens Riesen-Konvoi sorgt f\u00fcr \u00c4rger"},"content":{"rendered":"<div>Dienstag ist der letzte Tag des G7-Gipfels, dann verlassen die Spitzenpolitiker Bayern. Markus S\u00f6der erkl\u00e4rt, warum das Treffen nicht wieder nach Bayern zur\u00fcckkommt.<\/div>\n","protected":false},"excerpt":{"rendered":"<p>Dienstag ist der letzte Tag des G7-Gipfels, dann verlassen die Spitzenpolitiker Bayern. Markus S\u00f6der erkl\u00e4rt, warum das Treffen nicht wieder nach Bayern zur\u00fcckkommt.<\/p>\n","protected":false},"author":5,"featured_media":0,"comment_status":"closed","ping_status":"open","sticky":false,"template":"","format":"standard","meta":[],"categories":[5],"tags":[],"_links":{"self":[{"href":"http:\/\/cms.mtsomnii.de\/w7\/wp-json\/wp\/v2\/posts\/11374"}],"collection":[{"href":"http:\/\/cms.mtsomnii.de\/w7\/wp-json\/wp\/v2\/posts"}],"about":[{"href":"http:\/\/cms.mtsomnii.de\/w7\/wp-json\/wp\/v2\/types\/post"}],"author":[{"embeddable":true,"href":"http:\/\/cms.mtsomnii.de\/w7\/wp-json\/wp\/v2\/users\/5"}],"replies":[{"embeddable":true,"href":"http:\/\/cms.mtsomnii.de\/w7\/wp-json\/wp\/v2\/comments?post=11374"}],"version-history":[{"count":0,"href":"http:\/\/cms.mtsomnii.de\/w7\/wp-json\/wp\/v2\/posts\/11374\/revisions"}],"wp:attachment":[{"href":"http:\/\/cms.mtsomnii.de\/w7\/wp-json\/wp\/v2\/media?parent=11374"}],"wp:term":[{"taxonomy":"category","embeddable":true,"href":"http:\/\/cms.mtsomnii.de\/w7\/wp-json\/wp\/v2\/categories?post=11374"},{"taxonomy":"post_tag","embeddable":true,"href":"http:\/\/cms.mtsomnii.de\/w7\/wp-json\/wp\/v2\/tags?post=11374"}],"curies":[{"name":"wp","href":"https:\/\/api.w.org\/{rel}","templated":true}]}}