{"id":11411,"date":"2022-06-29T17:45:00","date_gmt":"2022-06-29T15:45:00","guid":{"rendered":"http:\/\/cms.mtsomnii.de\/w7\/merkur-de-gap\/g7-gipfel-totales-verkehrschaos-in-gap-wildes-geruecht-um-biden-fahrzeug-tross-91637571-html-3-11411\/"},"modified":"2022-06-29T17:45:00","modified_gmt":"2022-06-29T15:45:00","slug":"g7-gipfel-totales-verkehrschaos-in-gap-wildes-geruecht-um-biden-fahrzeug-tross-91637571-html-3","status":"publish","type":"post","link":"http:\/\/cms.mtsomnii.de\/w7\/merkur-de-gap\/g7-gipfel-totales-verkehrschaos-in-gap-wildes-geruecht-um-biden-fahrzeug-tross-91637571-html-3-11411\/","title":{"rendered":"Nach G7-Gipfel: Verkehrschaos in GAP &#8211; Wildes Ger\u00fccht um Biden-Fahrzeug-Kolonne &#8211; Tunnel nun in Sto\u00dfzeiten offen"},"content":{"rendered":"<div>Der Tunnel Farchant ist seit Dienstag total gesperrt. Der Verkehr stockte den ganzen Tag \u00fcber. Nun wird er aber zu den Sto\u00dfzeiten ge\u00f6ffnet, um einen Kollaps zu verhindern.  All das einen Tag nach dem G7-Gipfel in Elmau. \u2018s da einen Zusammenhang?<\/div>\n","protected":false},"excerpt":{"rendered":"<p>Der Tunnel Farchant ist seit Dienstag total gesperrt. Der Verkehr stockte den ganzen Tag \u00fcber. Nun wird er aber zu den Sto\u00dfzeiten ge\u00f6ffnet, um einen Kollaps zu verhindern. All das einen Tag nach dem G7-Gipfel in Elmau. \u2018s da einen Zusammenhang?<\/p>\n","protected":false},"author":5,"featured_media":0,"comment_status":"closed","ping_status":"open","sticky":false,"template":"","format":"standard","meta":[],"categories":[5],"tags":[],"_links":{"self":[{"href":"http:\/\/cms.mtsomnii.de\/w7\/wp-json\/wp\/v2\/posts\/11411"}],"collection":[{"href":"http:\/\/cms.mtsomnii.de\/w7\/wp-json\/wp\/v2\/posts"}],"about":[{"href":"http:\/\/cms.mtsomnii.de\/w7\/wp-json\/wp\/v2\/types\/post"}],"author":[{"embeddable":true,"href":"http:\/\/cms.mtsomnii.de\/w7\/wp-json\/wp\/v2\/users\/5"}],"replies":[{"embeddable":true,"href":"http:\/\/cms.mtsomnii.de\/w7\/wp-json\/wp\/v2\/comments?post=11411"}],"version-history":[{"count":0,"href":"http:\/\/cms.mtsomnii.de\/w7\/wp-json\/wp\/v2\/posts\/11411\/revisions"}],"wp:attachment":[{"href":"http:\/\/cms.mtsomnii.de\/w7\/wp-json\/wp\/v2\/media?parent=11411"}],"wp:term":[{"taxonomy":"category","embeddable":true,"href":"http:\/\/cms.mtsomnii.de\/w7\/wp-json\/wp\/v2\/categories?post=11411"},{"taxonomy":"post_tag","embeddable":true,"href":"http:\/\/cms.mtsomnii.de\/w7\/wp-json\/wp\/v2\/tags?post=11411"}],"curies":[{"name":"wp","href":"https:\/\/api.w.org\/{rel}","templated":true}]}}