{"id":11413,"date":"2022-06-29T22:02:00","date_gmt":"2022-06-29T20:02:00","guid":{"rendered":"http:\/\/cms.mtsomnii.de\/w7\/merkur-de-gap\/g7-gipfel-totales-verkehrschaos-in-gap-wildes-geruecht-um-biden-fahrzeug-tross-91637571-html-4-11413\/"},"modified":"2022-06-29T22:02:00","modified_gmt":"2022-06-29T20:02:00","slug":"g7-gipfel-totales-verkehrschaos-in-gap-wildes-geruecht-um-biden-fahrzeug-tross-91637571-html-4","status":"publish","type":"post","link":"http:\/\/cms.mtsomnii.de\/w7\/merkur-de-gap\/g7-gipfel-totales-verkehrschaos-in-gap-wildes-geruecht-um-biden-fahrzeug-tross-91637571-html-4-11413\/","title":{"rendered":"Nach G7-Gipfel: Farchanter Tunnel nach Chaostag wieder offen &#8211; Wildes Ger\u00fccht um Biden-Fahrzeug-Kolonne"},"content":{"rendered":"<div>Der Tunnel Farchant war seit Dienstagabend total gesperrt. Der Verkehr stockte den ganzen Tag \u00fcber. Nun l\u00e4uft der Verkehr wieder regul\u00e4r durch die beiden R\u00f6hren. All das einen Tag nach dem G7-Gipfel in Elmau. \u2018s da einen Zusammenhang?<\/div>\n","protected":false},"excerpt":{"rendered":"<p>Der Tunnel Farchant war seit Dienstagabend total gesperrt. Der Verkehr stockte den ganzen Tag \u00fcber. Nun l\u00e4uft der Verkehr wieder regul\u00e4r durch die beiden R\u00f6hren. All das einen Tag nach dem G7-Gipfel in Elmau. \u2018s da einen Zusammenhang?<\/p>\n","protected":false},"author":5,"featured_media":0,"comment_status":"closed","ping_status":"open","sticky":false,"template":"","format":"standard","meta":[],"categories":[5],"tags":[],"_links":{"self":[{"href":"http:\/\/cms.mtsomnii.de\/w7\/wp-json\/wp\/v2\/posts\/11413"}],"collection":[{"href":"http:\/\/cms.mtsomnii.de\/w7\/wp-json\/wp\/v2\/posts"}],"about":[{"href":"http:\/\/cms.mtsomnii.de\/w7\/wp-json\/wp\/v2\/types\/post"}],"author":[{"embeddable":true,"href":"http:\/\/cms.mtsomnii.de\/w7\/wp-json\/wp\/v2\/users\/5"}],"replies":[{"embeddable":true,"href":"http:\/\/cms.mtsomnii.de\/w7\/wp-json\/wp\/v2\/comments?post=11413"}],"version-history":[{"count":0,"href":"http:\/\/cms.mtsomnii.de\/w7\/wp-json\/wp\/v2\/posts\/11413\/revisions"}],"wp:attachment":[{"href":"http:\/\/cms.mtsomnii.de\/w7\/wp-json\/wp\/v2\/media?parent=11413"}],"wp:term":[{"taxonomy":"category","embeddable":true,"href":"http:\/\/cms.mtsomnii.de\/w7\/wp-json\/wp\/v2\/categories?post=11413"},{"taxonomy":"post_tag","embeddable":true,"href":"http:\/\/cms.mtsomnii.de\/w7\/wp-json\/wp\/v2\/tags?post=11413"}],"curies":[{"name":"wp","href":"https:\/\/api.w.org\/{rel}","templated":true}]}}