{"id":11425,"date":"2022-06-30T09:00:00","date_gmt":"2022-06-30T07:00:00","guid":{"rendered":"http:\/\/cms.mtsomnii.de\/w7\/kreisbote-gap\/feuerwehr-murnau-jahreshauptversammlung-fahrzeugweihe-91628673-html-11425\/"},"modified":"2022-06-30T09:00:00","modified_gmt":"2022-06-30T07:00:00","slug":"feuerwehr-murnau-jahreshauptversammlung-fahrzeugweihe-91628673-html","status":"publish","type":"post","link":"http:\/\/cms.mtsomnii.de\/w7\/kreisbote-gap\/feuerwehr-murnau-jahreshauptversammlung-fahrzeugweihe-91628673-html-11425\/","title":{"rendered":"Feuerwehr Murnau \u2013 Jahreshauptversammlung &amp; Fahrzeugweihe"},"content":{"rendered":"<div>Murnau \u2013 2021 war die Gemeinde Murnau von gr\u00f6\u00dferen Br\u00e4nden und Ungl\u00fccken verschont geblieben, bilanziert Feuerwehr-Kommandant Florian Kramer. In seinem Jahresbericht listet er trotzdem 246 Eins\u00e4tze auf. Hinter den n\u00fcchternen Zahlen stehen meist Menschen, die auf Hilfe nach einem  schlimmen Ereignis warten. Im Namen dieser Hilfesuchenden bedankt sich Dr. Julia Stewens (stellvertretende B\u00fcrgermeisterin) bei den Feuerwehrlern f\u00fcr ihr \u201eehrenamtliches und aufopferndes Engagement\u201c.<\/div>\n","protected":false},"excerpt":{"rendered":"<p>Murnau \u2013 2021 war die Gemeinde Murnau von gr\u00f6\u00dferen Br\u00e4nden und Ungl\u00fccken verschont geblieben, bilanziert Feuerwehr-Kommandant Florian Kramer. In seinem Jahresbericht listet er trotzdem 246 Eins\u00e4tze auf. Hinter den n\u00fcchternen Zahlen stehen meist Menschen, die auf Hilfe nach einem schlimmen Ereignis warten. Im Namen dieser Hilfesuchenden bedankt sich Dr. Julia Stewens (stellvertretende B\u00fcrgermeisterin) bei den Feuerwehrlern f\u00fcr ihr \u201eehrenamtliches und<\/p>\n","protected":false},"author":4,"featured_media":0,"comment_status":"closed","ping_status":"open","sticky":false,"template":"","format":"standard","meta":[],"categories":[2],"tags":[],"_links":{"self":[{"href":"http:\/\/cms.mtsomnii.de\/w7\/wp-json\/wp\/v2\/posts\/11425"}],"collection":[{"href":"http:\/\/cms.mtsomnii.de\/w7\/wp-json\/wp\/v2\/posts"}],"about":[{"href":"http:\/\/cms.mtsomnii.de\/w7\/wp-json\/wp\/v2\/types\/post"}],"author":[{"embeddable":true,"href":"http:\/\/cms.mtsomnii.de\/w7\/wp-json\/wp\/v2\/users\/4"}],"replies":[{"embeddable":true,"href":"http:\/\/cms.mtsomnii.de\/w7\/wp-json\/wp\/v2\/comments?post=11425"}],"version-history":[{"count":0,"href":"http:\/\/cms.mtsomnii.de\/w7\/wp-json\/wp\/v2\/posts\/11425\/revisions"}],"wp:attachment":[{"href":"http:\/\/cms.mtsomnii.de\/w7\/wp-json\/wp\/v2\/media?parent=11425"}],"wp:term":[{"taxonomy":"category","embeddable":true,"href":"http:\/\/cms.mtsomnii.de\/w7\/wp-json\/wp\/v2\/categories?post=11425"},{"taxonomy":"post_tag","embeddable":true,"href":"http:\/\/cms.mtsomnii.de\/w7\/wp-json\/wp\/v2\/tags?post=11425"}],"curies":[{"name":"wp","href":"https:\/\/api.w.org\/{rel}","templated":true}]}}