{"id":11434,"date":"2022-06-30T10:12:01","date_gmt":"2022-06-30T08:12:01","guid":{"rendered":"http:\/\/cms.mtsomnii.de\/w7\/merkur-de-gap\/der-neustart-nach-dem-g7-gipfel-hotellerie-und-gastronomie-geht-wieder-zum-normalbetrieb-ueber-91639662-html-11434\/"},"modified":"2022-06-30T10:12:01","modified_gmt":"2022-06-30T08:12:01","slug":"der-neustart-nach-dem-g7-gipfel-hotellerie-und-gastronomie-geht-wieder-zum-normalbetrieb-ueber-91639662-html","status":"publish","type":"post","link":"http:\/\/cms.mtsomnii.de\/w7\/merkur-de-gap\/der-neustart-nach-dem-g7-gipfel-hotellerie-und-gastronomie-geht-wieder-zum-normalbetrieb-ueber-91639662-html-11434\/","title":{"rendered":"Der Neustart nach dem G7-Gipfel &#8211; Hotellerie und Gastronomie gehen wieder zum \u201eNormalbetrieb\u201c \u00fcber"},"content":{"rendered":"<div>Garmisch-Partenkirchen atmet auf, der G7-Gipfel ist vor\u00fcber. Eine aufregende Zeit liegt auch hinter den Hotel- und Restaurant-Betreibern in der Marktgemeinde. W\u00e4hrend die Hotels mit Urlaubern und zahlreichen Einsatzkr\u00e4ften gut belegt waren, fehlten den Lokalen vor allem am Wochenende die Tagesausfl\u00fcgler. In der Gastronomie muss das Gesch\u00e4ft jetzt wieder anlaufen.<\/div>\n","protected":false},"excerpt":{"rendered":"<p>Garmisch-Partenkirchen atmet auf, der G7-Gipfel ist vor\u00fcber. Eine aufregende Zeit liegt auch hinter den Hotel- und Restaurant-Betreibern in der Marktgemeinde. W\u00e4hrend die Hotels mit Urlaubern und zahlreichen Einsatzkr\u00e4ften gut belegt waren, fehlten den Lokalen vor allem am Wochenende die Tagesausfl\u00fcgler. In der Gastronomie muss das Gesch\u00e4ft jetzt wieder anlaufen.<\/p>\n","protected":false},"author":5,"featured_media":0,"comment_status":"closed","ping_status":"open","sticky":false,"template":"","format":"standard","meta":[],"categories":[5],"tags":[],"_links":{"self":[{"href":"http:\/\/cms.mtsomnii.de\/w7\/wp-json\/wp\/v2\/posts\/11434"}],"collection":[{"href":"http:\/\/cms.mtsomnii.de\/w7\/wp-json\/wp\/v2\/posts"}],"about":[{"href":"http:\/\/cms.mtsomnii.de\/w7\/wp-json\/wp\/v2\/types\/post"}],"author":[{"embeddable":true,"href":"http:\/\/cms.mtsomnii.de\/w7\/wp-json\/wp\/v2\/users\/5"}],"replies":[{"embeddable":true,"href":"http:\/\/cms.mtsomnii.de\/w7\/wp-json\/wp\/v2\/comments?post=11434"}],"version-history":[{"count":0,"href":"http:\/\/cms.mtsomnii.de\/w7\/wp-json\/wp\/v2\/posts\/11434\/revisions"}],"wp:attachment":[{"href":"http:\/\/cms.mtsomnii.de\/w7\/wp-json\/wp\/v2\/media?parent=11434"}],"wp:term":[{"taxonomy":"category","embeddable":true,"href":"http:\/\/cms.mtsomnii.de\/w7\/wp-json\/wp\/v2\/categories?post=11434"},{"taxonomy":"post_tag","embeddable":true,"href":"http:\/\/cms.mtsomnii.de\/w7\/wp-json\/wp\/v2\/tags?post=11434"}],"curies":[{"name":"wp","href":"https:\/\/api.w.org\/{rel}","templated":true}]}}