{"id":11447,"date":"2022-07-01T09:47:35","date_gmt":"2022-07-01T07:47:35","guid":{"rendered":"http:\/\/cms.mtsomnii.de\/w7\/merkur-de-gap\/oberau-und-ettal-schwer-getroffen-grosshagel-hinterliess-ort-der-verwuestung-91641980-html-2-11447\/"},"modified":"2022-07-01T09:47:35","modified_gmt":"2022-07-01T07:47:35","slug":"oberau-und-ettal-schwer-getroffen-grosshagel-hinterliess-ort-der-verwuestung-91641980-html-2","status":"publish","type":"post","link":"http:\/\/cms.mtsomnii.de\/w7\/merkur-de-gap\/oberau-und-ettal-schwer-getroffen-grosshagel-hinterliess-ort-der-verwuestung-91641980-html-2-11447\/","title":{"rendered":"Oberau und Ettal schwer getroffen: Gro\u00dfhagel hinterlie\u00df Ort der Verw\u00fcstung"},"content":{"rendered":"<div>Der Donnerstagnachmittag war noch nicht ganz vorbei, als eine Superzelle \u00fcber den Landkreis Garmisch-Partenkirchen hinweg zog. Sturm, Starkregen, \u00dcberschwemmungen und Gro\u00dfhagel waren die Folge. In Ettal wurde die B23 \u00fcberschwemmt, die Ortsdurchfahrt glich einem Bach. Die Wassermassen st\u00fcrzten den Hang hinunter und \u00fcberfluteten Grundst\u00fccke und Garagen. Im Nachbarort Oberau kam es richtig dicke. Der Gro\u00dfhagel hinterlie\u00df einen Ort der Verw\u00fcstung.<\/div>\n","protected":false},"excerpt":{"rendered":"<p>Der Donnerstagnachmittag war noch nicht ganz vorbei, als eine Superzelle \u00fcber den Landkreis Garmisch-Partenkirchen hinweg zog. Sturm, Starkregen, \u00dcberschwemmungen und Gro\u00dfhagel waren die Folge. In Ettal wurde die B23 \u00fcberschwemmt, die Ortsdurchfahrt glich einem Bach. Die Wassermassen st\u00fcrzten den Hang hinunter und \u00fcberfluteten Grundst\u00fccke und Garagen. Im Nachbarort Oberau kam es richtig dicke. Der Gro\u00dfhagel hinterlie\u00df einen Ort der Verw\u00fcstung.<\/p>\n","protected":false},"author":5,"featured_media":0,"comment_status":"closed","ping_status":"open","sticky":false,"template":"","format":"standard","meta":[],"categories":[5],"tags":[],"_links":{"self":[{"href":"http:\/\/cms.mtsomnii.de\/w7\/wp-json\/wp\/v2\/posts\/11447"}],"collection":[{"href":"http:\/\/cms.mtsomnii.de\/w7\/wp-json\/wp\/v2\/posts"}],"about":[{"href":"http:\/\/cms.mtsomnii.de\/w7\/wp-json\/wp\/v2\/types\/post"}],"author":[{"embeddable":true,"href":"http:\/\/cms.mtsomnii.de\/w7\/wp-json\/wp\/v2\/users\/5"}],"replies":[{"embeddable":true,"href":"http:\/\/cms.mtsomnii.de\/w7\/wp-json\/wp\/v2\/comments?post=11447"}],"version-history":[{"count":0,"href":"http:\/\/cms.mtsomnii.de\/w7\/wp-json\/wp\/v2\/posts\/11447\/revisions"}],"wp:attachment":[{"href":"http:\/\/cms.mtsomnii.de\/w7\/wp-json\/wp\/v2\/media?parent=11447"}],"wp:term":[{"taxonomy":"category","embeddable":true,"href":"http:\/\/cms.mtsomnii.de\/w7\/wp-json\/wp\/v2\/categories?post=11447"},{"taxonomy":"post_tag","embeddable":true,"href":"http:\/\/cms.mtsomnii.de\/w7\/wp-json\/wp\/v2\/tags?post=11447"}],"curies":[{"name":"wp","href":"https:\/\/api.w.org\/{rel}","templated":true}]}}