{"id":11484,"date":"2022-07-01T17:30:00","date_gmt":"2022-07-01T15:30:00","guid":{"rendered":"http:\/\/cms.mtsomnii.de\/w7\/merkur-de-gap\/dieses-format-ist-voellig-aus-der-zeit-gefallen-91643360-html-3-11484\/"},"modified":"2022-07-01T17:30:00","modified_gmt":"2022-07-01T15:30:00","slug":"dieses-format-ist-voellig-aus-der-zeit-gefallen-91643360-html-3","status":"publish","type":"post","link":"http:\/\/cms.mtsomnii.de\/w7\/merkur-de-gap\/dieses-format-ist-voellig-aus-der-zeit-gefallen-91643360-html-3-11484\/","title":{"rendered":"G7-Gipfel in Elmau: \u201eDieses Format ist v\u00f6llig aus der Zeit gefallen\u201c"},"content":{"rendered":"<div>Garmisch-Partenkirchen \u2013 \u201eWir haben\u2019s geschafft\u201c: Garmisch-Partenkirchens B\u00fcrgermeisterin Elisabeth Koch (CSU) ist nach den anstrengenden G7-Tagen die Erleichterung anzumerken. Die Rathauschefin und ihre Verwaltung waren in den vergangenen Monaten tagt\u00e4glich mit den Themen rund um den Gipfel der Staats- und Regierungschefs der sieben m\u00e4chtigsten, westlichen Industrienationen, die auf Schloss Elmau tagten, besch\u00e4ftigt \u2013 und mussten nebenbei die normalen Amtsgesch\u00e4fte stemmen. \u201eDas war eine Teamleistung\u201c, res\u00fcmiert die Kommunalpolitikerin stolz. Im Tagblatt-Gespr\u00e4ch zieht sie ihr G7-Fazit. Eins steht f\u00fcr Koch fest: Eine dritte Auflage des Spitzentreffens hier im Landkreis (nach 2015 und 2022) braucht es nicht.<\/div>\n","protected":false},"excerpt":{"rendered":"<p>Garmisch-Partenkirchen \u2013 \u201eWir haben\u2019s geschafft\u201c: Garmisch-Partenkirchens B\u00fcrgermeisterin Elisabeth Koch (CSU) ist nach den anstrengenden G7-Tagen die Erleichterung anzumerken. Die Rathauschefin und ihre Verwaltung waren in den vergangenen Monaten tagt\u00e4glich mit den Themen rund um den Gipfel der Staats- und Regierungschefs der sieben m\u00e4chtigsten, westlichen Industrienationen, die auf Schloss Elmau tagten, besch\u00e4ftigt \u2013 und mussten nebenbei die normalen Amtsgesch\u00e4fte stemmen. \u201eDas<\/p>\n","protected":false},"author":5,"featured_media":0,"comment_status":"closed","ping_status":"open","sticky":false,"template":"","format":"standard","meta":[],"categories":[5],"tags":[],"_links":{"self":[{"href":"http:\/\/cms.mtsomnii.de\/w7\/wp-json\/wp\/v2\/posts\/11484"}],"collection":[{"href":"http:\/\/cms.mtsomnii.de\/w7\/wp-json\/wp\/v2\/posts"}],"about":[{"href":"http:\/\/cms.mtsomnii.de\/w7\/wp-json\/wp\/v2\/types\/post"}],"author":[{"embeddable":true,"href":"http:\/\/cms.mtsomnii.de\/w7\/wp-json\/wp\/v2\/users\/5"}],"replies":[{"embeddable":true,"href":"http:\/\/cms.mtsomnii.de\/w7\/wp-json\/wp\/v2\/comments?post=11484"}],"version-history":[{"count":0,"href":"http:\/\/cms.mtsomnii.de\/w7\/wp-json\/wp\/v2\/posts\/11484\/revisions"}],"wp:attachment":[{"href":"http:\/\/cms.mtsomnii.de\/w7\/wp-json\/wp\/v2\/media?parent=11484"}],"wp:term":[{"taxonomy":"category","embeddable":true,"href":"http:\/\/cms.mtsomnii.de\/w7\/wp-json\/wp\/v2\/categories?post=11484"},{"taxonomy":"post_tag","embeddable":true,"href":"http:\/\/cms.mtsomnii.de\/w7\/wp-json\/wp\/v2\/tags?post=11484"}],"curies":[{"name":"wp","href":"https:\/\/api.w.org\/{rel}","templated":true}]}}