{"id":11842,"date":"2022-07-28T10:48:15","date_gmt":"2022-07-28T08:48:15","guid":{"rendered":"http:\/\/cms.mtsomnii.de\/w7\/merkur-de-gap\/db-zugunglueck-garmisch-partenkirchen-ursache-ermittlungen-aktuell-91689748-html-2-11842\/"},"modified":"2022-07-28T10:48:15","modified_gmt":"2022-07-28T08:48:15","slug":"db-zugunglueck-garmisch-partenkirchen-ursache-ermittlungen-aktuell-91689748-html-2","status":"publish","type":"post","link":"http:\/\/cms.mtsomnii.de\/w7\/merkur-de-gap\/db-zugunglueck-garmisch-partenkirchen-ursache-ermittlungen-aktuell-91689748-html-2-11842\/","title":{"rendered":"Zugungl\u00fcck bei Garmisch: Neue Theorie zur Unfallursache &#8211; Schwere Vorw\u00fcrfe gegen DB"},"content":{"rendered":"<div>Bald zwei Monate sind seit dem tragischen Zugungl\u00fcck bei Garmisch vergangen. Bei einer Pressekonferenz in M\u00fcnchen wurde nun eine neue Theorie zur m\u00f6glichen Unfallursache vorgestellt.<\/div>\n","protected":false},"excerpt":{"rendered":"<p>Bald zwei Monate sind seit dem tragischen Zugungl\u00fcck bei Garmisch vergangen. Bei einer Pressekonferenz in M\u00fcnchen wurde nun eine neue Theorie zur m\u00f6glichen Unfallursache vorgestellt.<\/p>\n","protected":false},"author":5,"featured_media":0,"comment_status":"closed","ping_status":"open","sticky":false,"template":"","format":"standard","meta":[],"categories":[5],"tags":[],"_links":{"self":[{"href":"http:\/\/cms.mtsomnii.de\/w7\/wp-json\/wp\/v2\/posts\/11842"}],"collection":[{"href":"http:\/\/cms.mtsomnii.de\/w7\/wp-json\/wp\/v2\/posts"}],"about":[{"href":"http:\/\/cms.mtsomnii.de\/w7\/wp-json\/wp\/v2\/types\/post"}],"author":[{"embeddable":true,"href":"http:\/\/cms.mtsomnii.de\/w7\/wp-json\/wp\/v2\/users\/5"}],"replies":[{"embeddable":true,"href":"http:\/\/cms.mtsomnii.de\/w7\/wp-json\/wp\/v2\/comments?post=11842"}],"version-history":[{"count":0,"href":"http:\/\/cms.mtsomnii.de\/w7\/wp-json\/wp\/v2\/posts\/11842\/revisions"}],"wp:attachment":[{"href":"http:\/\/cms.mtsomnii.de\/w7\/wp-json\/wp\/v2\/media?parent=11842"}],"wp:term":[{"taxonomy":"category","embeddable":true,"href":"http:\/\/cms.mtsomnii.de\/w7\/wp-json\/wp\/v2\/categories?post=11842"},{"taxonomy":"post_tag","embeddable":true,"href":"http:\/\/cms.mtsomnii.de\/w7\/wp-json\/wp\/v2\/tags?post=11842"}],"curies":[{"name":"wp","href":"https:\/\/api.w.org\/{rel}","templated":true}]}}