{"id":11843,"date":"2022-07-28T11:00:00","date_gmt":"2022-07-28T09:00:00","guid":{"rendered":"http:\/\/cms.mtsomnii.de\/w7\/merkur-de-gap\/freiwillige-feuerwehr-garmisch-dankt-getraenke-sprenger-und-baeckerei-eichhorn-91688631-html-2-11843\/"},"modified":"2022-07-28T11:00:00","modified_gmt":"2022-07-28T09:00:00","slug":"freiwillige-feuerwehr-garmisch-dankt-getraenke-sprenger-und-baeckerei-eichhorn-91688631-html-2","status":"publish","type":"post","link":"http:\/\/cms.mtsomnii.de\/w7\/merkur-de-gap\/freiwillige-feuerwehr-garmisch-dankt-getraenke-sprenger-und-baeckerei-eichhorn-91688631-html-2-11843\/","title":{"rendered":"Freiwillige Feuerwehr Garmisch dankt Getr\u00e4nke Sprenger und B\u00e4ckerei Eichhorn"},"content":{"rendered":"<div>Eine Abordnung der Freiwilligen Feuerwehr Garmisch stattete jetzt dem Getr\u00e4nkemarkt Sprenger in Grainau einen Besuch ab. Die Wehr bedankte sich im Namen aller Rettungskr\u00e4fte bei Anton Sprenger vom Getr\u00e4nkemarkt Sprenger und Tobias Eichhorn von der gleichnamigen B\u00e4ckerei f\u00fcr die gro\u00dfz\u00fcgige Spende von Getr\u00e4nken und Backwaren w\u00e4hrend des mehrst\u00fcndigen Gro\u00dfeinsatzes beim Zugungl\u00fcck von Burgrain. kb<\/div>\n","protected":false},"excerpt":{"rendered":"<p>Eine Abordnung der Freiwilligen Feuerwehr Garmisch stattete jetzt dem Getr\u00e4nkemarkt Sprenger in Grainau einen Besuch ab. Die Wehr bedankte sich im Namen aller Rettungskr\u00e4fte bei Anton Sprenger vom Getr\u00e4nkemarkt Sprenger und Tobias Eichhorn von der gleichnamigen B\u00e4ckerei f\u00fcr die gro\u00dfz\u00fcgige Spende von Getr\u00e4nken und Backwaren w\u00e4hrend des mehrst\u00fcndigen Gro\u00dfeinsatzes beim Zugungl\u00fcck von Burgrain. kb<\/p>\n","protected":false},"author":5,"featured_media":0,"comment_status":"closed","ping_status":"open","sticky":false,"template":"","format":"standard","meta":[],"categories":[5],"tags":[],"_links":{"self":[{"href":"http:\/\/cms.mtsomnii.de\/w7\/wp-json\/wp\/v2\/posts\/11843"}],"collection":[{"href":"http:\/\/cms.mtsomnii.de\/w7\/wp-json\/wp\/v2\/posts"}],"about":[{"href":"http:\/\/cms.mtsomnii.de\/w7\/wp-json\/wp\/v2\/types\/post"}],"author":[{"embeddable":true,"href":"http:\/\/cms.mtsomnii.de\/w7\/wp-json\/wp\/v2\/users\/5"}],"replies":[{"embeddable":true,"href":"http:\/\/cms.mtsomnii.de\/w7\/wp-json\/wp\/v2\/comments?post=11843"}],"version-history":[{"count":0,"href":"http:\/\/cms.mtsomnii.de\/w7\/wp-json\/wp\/v2\/posts\/11843\/revisions"}],"wp:attachment":[{"href":"http:\/\/cms.mtsomnii.de\/w7\/wp-json\/wp\/v2\/media?parent=11843"}],"wp:term":[{"taxonomy":"category","embeddable":true,"href":"http:\/\/cms.mtsomnii.de\/w7\/wp-json\/wp\/v2\/categories?post=11843"},{"taxonomy":"post_tag","embeddable":true,"href":"http:\/\/cms.mtsomnii.de\/w7\/wp-json\/wp\/v2\/tags?post=11843"}],"curies":[{"name":"wp","href":"https:\/\/api.w.org\/{rel}","templated":true}]}}