{"id":11846,"date":"2022-07-28T12:30:00","date_gmt":"2022-07-28T10:30:00","guid":{"rendered":"http:\/\/cms.mtsomnii.de\/w7\/kreisbote-gap\/radunfaelle-im-landkreis-garmisch-partenkirchen-mann-fiel-nach-vollbremsung-auf-ein-kind-91692770-html-11846\/"},"modified":"2022-07-28T12:30:00","modified_gmt":"2022-07-28T10:30:00","slug":"radunfaelle-im-landkreis-garmisch-partenkirchen-mann-fiel-nach-vollbremsung-auf-ein-kind-91692770-html","status":"publish","type":"post","link":"http:\/\/cms.mtsomnii.de\/w7\/kreisbote-gap\/radunfaelle-im-landkreis-garmisch-partenkirchen-mann-fiel-nach-vollbremsung-auf-ein-kind-91692770-html-11846\/","title":{"rendered":"Radunf\u00e4lle im Landkreis Garmisch-Partenkirchen: Mann fiel nach Vollbremsung auf ein Kind"},"content":{"rendered":"<div>Landkreis &#8211; Am 27. Juli 2022, gegen 20.30 Uhr ereignete sich in der Fu\u00dfg\u00e4ngerzone Garmisch ein Verkehrsunfall. Ein 67-j\u00e4hriger befuhr mit seinem Rad die Fu\u00dfg\u00e4ngerzone. Um den Zusammensto\u00df mit einem 6-j\u00e4hrigen Kind zu verhindern, welches mit seinen Eltern zu Fu\u00df unterwegs war, musste der Garmischer eine Vollbremsung machen.<\/div>\n","protected":false},"excerpt":{"rendered":"<p>Landkreis &#8211; Am 27. Juli 2022, gegen 20.30 Uhr ereignete sich in der Fu\u00dfg\u00e4ngerzone Garmisch ein Verkehrsunfall. Ein 67-j\u00e4hriger befuhr mit seinem Rad die Fu\u00dfg\u00e4ngerzone. Um den Zusammensto\u00df mit einem 6-j\u00e4hrigen Kind zu verhindern, welches mit seinen Eltern zu Fu\u00df unterwegs war, musste der Garmischer eine Vollbremsung machen.<\/p>\n","protected":false},"author":4,"featured_media":0,"comment_status":"closed","ping_status":"open","sticky":false,"template":"","format":"standard","meta":[],"categories":[2],"tags":[],"_links":{"self":[{"href":"http:\/\/cms.mtsomnii.de\/w7\/wp-json\/wp\/v2\/posts\/11846"}],"collection":[{"href":"http:\/\/cms.mtsomnii.de\/w7\/wp-json\/wp\/v2\/posts"}],"about":[{"href":"http:\/\/cms.mtsomnii.de\/w7\/wp-json\/wp\/v2\/types\/post"}],"author":[{"embeddable":true,"href":"http:\/\/cms.mtsomnii.de\/w7\/wp-json\/wp\/v2\/users\/4"}],"replies":[{"embeddable":true,"href":"http:\/\/cms.mtsomnii.de\/w7\/wp-json\/wp\/v2\/comments?post=11846"}],"version-history":[{"count":0,"href":"http:\/\/cms.mtsomnii.de\/w7\/wp-json\/wp\/v2\/posts\/11846\/revisions"}],"wp:attachment":[{"href":"http:\/\/cms.mtsomnii.de\/w7\/wp-json\/wp\/v2\/media?parent=11846"}],"wp:term":[{"taxonomy":"category","embeddable":true,"href":"http:\/\/cms.mtsomnii.de\/w7\/wp-json\/wp\/v2\/categories?post=11846"},{"taxonomy":"post_tag","embeddable":true,"href":"http:\/\/cms.mtsomnii.de\/w7\/wp-json\/wp\/v2\/tags?post=11846"}],"curies":[{"name":"wp","href":"https:\/\/api.w.org\/{rel}","templated":true}]}}