{"id":11848,"date":"2022-07-28T14:00:00","date_gmt":"2022-07-28T12:00:00","guid":{"rendered":"http:\/\/cms.mtsomnii.de\/w7\/kreisbote-gap\/garmisch-partenkirchen-in-den-kje-einrichtungen-zuhause-fuehlen-91688603-html-11848\/"},"modified":"2022-07-28T14:00:00","modified_gmt":"2022-07-28T12:00:00","slug":"garmisch-partenkirchen-in-den-kje-einrichtungen-zuhause-fuehlen-91688603-html","status":"publish","type":"post","link":"http:\/\/cms.mtsomnii.de\/w7\/kreisbote-gap\/garmisch-partenkirchen-in-den-kje-einrichtungen-zuhause-fuehlen-91688603-html-11848\/","title":{"rendered":"Garmisch-Partenkirchen: In den KJE-Einrichtungen zuhause f\u00fchlen"},"content":{"rendered":"<div>GAP \u2013 \u201eAlle Menschen mit geistiger Behinderung sollen sich bei uns wie zuhause f\u00fchlen\u201c, erkl\u00e4rt Erik Rothe. Der 37-j\u00e4hrige Betriebswirt leitet die drei freistehenden Wohnh\u00e4user mit eigenen G\u00e4rten \u2013 Haus im Ficht, Haus Dompfaff und Haus Martinswinkel \u2013 die die Kinder-, Jugend- und Erwachsenenhilfe e.V. (KJE) betreibt. Zuvor war der 37-J\u00e4hrige in den Werdenfelser Werkst\u00e4tten in verschiedenen Bereichen t\u00e4tig und ist \u201eein alter KJE-Hase\u201c, wie er schmunzelnd sagt.<\/div>\n","protected":false},"excerpt":{"rendered":"<p>GAP \u2013 \u201eAlle Menschen mit geistiger Behinderung sollen sich bei uns wie zuhause f\u00fchlen\u201c, erkl\u00e4rt Erik Rothe. Der 37-j\u00e4hrige Betriebswirt leitet die drei freistehenden Wohnh\u00e4user mit eigenen G\u00e4rten \u2013 Haus im Ficht, Haus Dompfaff und Haus Martinswinkel \u2013 die die Kinder-, Jugend- und Erwachsenenhilfe e.V. (KJE) betreibt. Zuvor war der 37-J\u00e4hrige in den Werdenfelser Werkst\u00e4tten in verschiedenen Bereichen t\u00e4tig und<\/p>\n","protected":false},"author":4,"featured_media":0,"comment_status":"closed","ping_status":"open","sticky":false,"template":"","format":"standard","meta":[],"categories":[2],"tags":[],"_links":{"self":[{"href":"http:\/\/cms.mtsomnii.de\/w7\/wp-json\/wp\/v2\/posts\/11848"}],"collection":[{"href":"http:\/\/cms.mtsomnii.de\/w7\/wp-json\/wp\/v2\/posts"}],"about":[{"href":"http:\/\/cms.mtsomnii.de\/w7\/wp-json\/wp\/v2\/types\/post"}],"author":[{"embeddable":true,"href":"http:\/\/cms.mtsomnii.de\/w7\/wp-json\/wp\/v2\/users\/4"}],"replies":[{"embeddable":true,"href":"http:\/\/cms.mtsomnii.de\/w7\/wp-json\/wp\/v2\/comments?post=11848"}],"version-history":[{"count":0,"href":"http:\/\/cms.mtsomnii.de\/w7\/wp-json\/wp\/v2\/posts\/11848\/revisions"}],"wp:attachment":[{"href":"http:\/\/cms.mtsomnii.de\/w7\/wp-json\/wp\/v2\/media?parent=11848"}],"wp:term":[{"taxonomy":"category","embeddable":true,"href":"http:\/\/cms.mtsomnii.de\/w7\/wp-json\/wp\/v2\/categories?post=11848"},{"taxonomy":"post_tag","embeddable":true,"href":"http:\/\/cms.mtsomnii.de\/w7\/wp-json\/wp\/v2\/tags?post=11848"}],"curies":[{"name":"wp","href":"https:\/\/api.w.org\/{rel}","templated":true}]}}