{"id":11855,"date":"2022-07-29T09:00:00","date_gmt":"2022-07-29T07:00:00","guid":{"rendered":"http:\/\/cms.mtsomnii.de\/w7\/merkur-de-gap\/kindergartenkinder-der-kita-st-florian-in-farchant-warfen-einen-blick-raus-aus-dem-kindergartenalltag-91686322-html-2-11855\/"},"modified":"2022-07-29T09:00:00","modified_gmt":"2022-07-29T07:00:00","slug":"kindergartenkinder-der-kita-st-florian-in-farchant-warfen-einen-blick-raus-aus-dem-kindergartenalltag-91686322-html-2","status":"publish","type":"post","link":"http:\/\/cms.mtsomnii.de\/w7\/merkur-de-gap\/kindergartenkinder-der-kita-st-florian-in-farchant-warfen-einen-blick-raus-aus-dem-kindergartenalltag-91686322-html-2-11855\/","title":{"rendered":"Kindergartenkinder der Kita St. Florian in Farchant warfen einen Blick raus aus dem Kindergartenalltag"},"content":{"rendered":"<div>Farchant \u2013 Die Kindergartenkinder der Kita St. Florian in Farchant hatten in der letzten Zeit gleich dreimal das Vergn\u00fcgen, Neues zu erleben und zu lernen, was sonst nicht zum Kindergartenalltag geh\u00f6rt. Am 18. Mai besuchte Szylvia Ogan vom BRK Garmisch-Partenkirchen die Einrichtung. Sie vermittelte den 23 M\u00e4dchen und Buben auf kindgerechte Weise Grundkenntnisse in Ma\u00dfnahmen zur Ersten Hilfe.<\/div>\n","protected":false},"excerpt":{"rendered":"<p>Farchant \u2013 Die Kindergartenkinder der Kita St. Florian in Farchant hatten in der letzten Zeit gleich dreimal das Vergn\u00fcgen, Neues zu erleben und zu lernen, was sonst nicht zum Kindergartenalltag geh\u00f6rt. Am 18. Mai besuchte Szylvia Ogan vom BRK Garmisch-Partenkirchen die Einrichtung. Sie vermittelte den 23 M\u00e4dchen und Buben auf kindgerechte Weise Grundkenntnisse in Ma\u00dfnahmen zur Ersten Hilfe.<\/p>\n","protected":false},"author":5,"featured_media":0,"comment_status":"closed","ping_status":"open","sticky":false,"template":"","format":"standard","meta":[],"categories":[5],"tags":[],"_links":{"self":[{"href":"http:\/\/cms.mtsomnii.de\/w7\/wp-json\/wp\/v2\/posts\/11855"}],"collection":[{"href":"http:\/\/cms.mtsomnii.de\/w7\/wp-json\/wp\/v2\/posts"}],"about":[{"href":"http:\/\/cms.mtsomnii.de\/w7\/wp-json\/wp\/v2\/types\/post"}],"author":[{"embeddable":true,"href":"http:\/\/cms.mtsomnii.de\/w7\/wp-json\/wp\/v2\/users\/5"}],"replies":[{"embeddable":true,"href":"http:\/\/cms.mtsomnii.de\/w7\/wp-json\/wp\/v2\/comments?post=11855"}],"version-history":[{"count":0,"href":"http:\/\/cms.mtsomnii.de\/w7\/wp-json\/wp\/v2\/posts\/11855\/revisions"}],"wp:attachment":[{"href":"http:\/\/cms.mtsomnii.de\/w7\/wp-json\/wp\/v2\/media?parent=11855"}],"wp:term":[{"taxonomy":"category","embeddable":true,"href":"http:\/\/cms.mtsomnii.de\/w7\/wp-json\/wp\/v2\/categories?post=11855"},{"taxonomy":"post_tag","embeddable":true,"href":"http:\/\/cms.mtsomnii.de\/w7\/wp-json\/wp\/v2\/tags?post=11855"}],"curies":[{"name":"wp","href":"https:\/\/api.w.org\/{rel}","templated":true}]}}