{"id":11859,"date":"2022-07-29T11:35:34","date_gmt":"2022-07-29T09:35:34","guid":{"rendered":"http:\/\/cms.mtsomnii.de\/w7\/merkur-de-gap\/festwoche-garmisch-es-wird-wieder-gefeiert-91695230-html-2-11859\/"},"modified":"2022-07-29T11:35:34","modified_gmt":"2022-07-29T09:35:34","slug":"festwoche-garmisch-es-wird-wieder-gefeiert-91695230-html-2","status":"publish","type":"post","link":"http:\/\/cms.mtsomnii.de\/w7\/merkur-de-gap\/festwoche-garmisch-es-wird-wieder-gefeiert-91695230-html-2-11859\/","title":{"rendered":"Festwoche Garmisch: Es wird wieder gefeiert!"},"content":{"rendered":"<div>GAP \u2013 Darauf haben viele sehns\u00fcchtig gewartet: Nach pandemiebedingter Pause veranstaltet der Volkstrachtenverein Garmisch heuer die 70. Garmischer Festwoche mit Festzelt am Wittelsbacher Park. Tradition,  Brauchtum und beste Unterhaltung sind garantiert beim gro\u00dfen Er\u00f6ffnungsfest, den Bayerischen Heimatabenden, beim Steinheben um den Alpenpokal, beim Bierzeltabend mit der Kultband Dreisam und vielen weiteren H\u00f6hepunkten. Auf dem Festplatz ist das Parken nicht mehr m\u00f6glich. Aufgrund der Einrichtung von Rettungswegen gilt das Parkverbot auch in der Allee-, Martinswinkel- und L\u00e4ngenwangstra\u00dfe sowie im Reitleweg. Zudem kommt es w\u00e4hrend der Festz\u00fcge am 30. Juli, am 3., 6. und 7. August, jeweils zwischen 19 und 20 Uhr, zu Einschr\u00e4nkungen im Bereich Josefsplatz \u00fcber den Marienplatz, Fu\u00dfg\u00e4ngerzone und Parkstra\u00dfe bis zum Wittelsbacher Park.<\/div>\n","protected":false},"excerpt":{"rendered":"<p>GAP \u2013 Darauf haben viele sehns\u00fcchtig gewartet: Nach pandemiebedingter Pause veranstaltet der Volkstrachtenverein Garmisch heuer die 70. Garmischer Festwoche mit Festzelt am Wittelsbacher Park. Tradition, Brauchtum und beste Unterhaltung sind garantiert beim gro\u00dfen Er\u00f6ffnungsfest, den Bayerischen Heimatabenden, beim Steinheben um den Alpenpokal, beim Bierzeltabend mit der Kultband Dreisam und vielen weiteren H\u00f6hepunkten. Auf dem Festplatz ist das Parken nicht mehr<\/p>\n","protected":false},"author":5,"featured_media":0,"comment_status":"closed","ping_status":"open","sticky":false,"template":"","format":"standard","meta":[],"categories":[5],"tags":[],"_links":{"self":[{"href":"http:\/\/cms.mtsomnii.de\/w7\/wp-json\/wp\/v2\/posts\/11859"}],"collection":[{"href":"http:\/\/cms.mtsomnii.de\/w7\/wp-json\/wp\/v2\/posts"}],"about":[{"href":"http:\/\/cms.mtsomnii.de\/w7\/wp-json\/wp\/v2\/types\/post"}],"author":[{"embeddable":true,"href":"http:\/\/cms.mtsomnii.de\/w7\/wp-json\/wp\/v2\/users\/5"}],"replies":[{"embeddable":true,"href":"http:\/\/cms.mtsomnii.de\/w7\/wp-json\/wp\/v2\/comments?post=11859"}],"version-history":[{"count":0,"href":"http:\/\/cms.mtsomnii.de\/w7\/wp-json\/wp\/v2\/posts\/11859\/revisions"}],"wp:attachment":[{"href":"http:\/\/cms.mtsomnii.de\/w7\/wp-json\/wp\/v2\/media?parent=11859"}],"wp:term":[{"taxonomy":"category","embeddable":true,"href":"http:\/\/cms.mtsomnii.de\/w7\/wp-json\/wp\/v2\/categories?post=11859"},{"taxonomy":"post_tag","embeddable":true,"href":"http:\/\/cms.mtsomnii.de\/w7\/wp-json\/wp\/v2\/tags?post=11859"}],"curies":[{"name":"wp","href":"https:\/\/api.w.org\/{rel}","templated":true}]}}