{"id":11864,"date":"2022-07-30T06:19:57","date_gmt":"2022-07-30T04:19:57","guid":{"rendered":"http:\/\/cms.mtsomnii.de\/w7\/merkur-de-gap\/zugunglueck-garmisch-partenkirchen-staatsanwaltschaft-ermittelt-neue-verdaechtige-person-zr-91695662-html-11864\/"},"modified":"2022-07-30T06:19:57","modified_gmt":"2022-07-30T04:19:57","slug":"zugunglueck-garmisch-partenkirchen-staatsanwaltschaft-ermittelt-neue-verdaechtige-person-zr-91695662-html","status":"publish","type":"post","link":"http:\/\/cms.mtsomnii.de\/w7\/merkur-de-gap\/zugunglueck-garmisch-partenkirchen-staatsanwaltschaft-ermittelt-neue-verdaechtige-person-zr-91695662-html-11864\/","title":{"rendered":"Zugungl\u00fcck in Garmisch-Partenkirchen: Staatsanwaltschaft ermittelt gegen neue verd\u00e4chtige Person"},"content":{"rendered":"<div>Die Staatsanwaltschaft hat den Kreis der Beschuldigten nach dem schweren Zugungl\u00fcck in Garmisch-Partenkirchen um eine Person erweitert und sch\u00fcrt damit Bef\u00fcrchtungen bei der GDL weiter an.<\/div>\n","protected":false},"excerpt":{"rendered":"<p>Die Staatsanwaltschaft hat den Kreis der Beschuldigten nach dem schweren Zugungl\u00fcck in Garmisch-Partenkirchen um eine Person erweitert und sch\u00fcrt damit Bef\u00fcrchtungen bei der GDL weiter an.<\/p>\n","protected":false},"author":5,"featured_media":0,"comment_status":"closed","ping_status":"open","sticky":false,"template":"","format":"standard","meta":[],"categories":[5],"tags":[],"_links":{"self":[{"href":"http:\/\/cms.mtsomnii.de\/w7\/wp-json\/wp\/v2\/posts\/11864"}],"collection":[{"href":"http:\/\/cms.mtsomnii.de\/w7\/wp-json\/wp\/v2\/posts"}],"about":[{"href":"http:\/\/cms.mtsomnii.de\/w7\/wp-json\/wp\/v2\/types\/post"}],"author":[{"embeddable":true,"href":"http:\/\/cms.mtsomnii.de\/w7\/wp-json\/wp\/v2\/users\/5"}],"replies":[{"embeddable":true,"href":"http:\/\/cms.mtsomnii.de\/w7\/wp-json\/wp\/v2\/comments?post=11864"}],"version-history":[{"count":0,"href":"http:\/\/cms.mtsomnii.de\/w7\/wp-json\/wp\/v2\/posts\/11864\/revisions"}],"wp:attachment":[{"href":"http:\/\/cms.mtsomnii.de\/w7\/wp-json\/wp\/v2\/media?parent=11864"}],"wp:term":[{"taxonomy":"category","embeddable":true,"href":"http:\/\/cms.mtsomnii.de\/w7\/wp-json\/wp\/v2\/categories?post=11864"},{"taxonomy":"post_tag","embeddable":true,"href":"http:\/\/cms.mtsomnii.de\/w7\/wp-json\/wp\/v2\/tags?post=11864"}],"curies":[{"name":"wp","href":"https:\/\/api.w.org\/{rel}","templated":true}]}}