{"id":11896,"date":"2022-08-03T11:00:00","date_gmt":"2022-08-03T09:00:00","guid":{"rendered":"http:\/\/cms.mtsomnii.de\/w7\/kreisbote-gap\/100-jahre-sanitaetsbereitschaft-91699091-html-11896\/"},"modified":"2022-08-03T11:00:00","modified_gmt":"2022-08-03T09:00:00","slug":"100-jahre-sanitaetsbereitschaft-91699091-html","status":"publish","type":"post","link":"http:\/\/cms.mtsomnii.de\/w7\/kreisbote-gap\/100-jahre-sanitaetsbereitschaft-91699091-html-11896\/","title":{"rendered":"Die Garmischer Sanit\u00e4ter feierten drei Tage lang ihre 100 Jahre Dienst am N\u00e4chsten"},"content":{"rendered":"<div>GAP \u2013 Drei Tage lang feierte sich die Sanit\u00e4tsbereitschaft Garmisch. Nicht ohne Grund! 100 Jahre Bestand bedeuten 100 Jahre Hilfsbereitschaft, 100 Jahre Dienst am N\u00e4chsten. Bereits am Freitag, 22. Juli luden die Sani`s das Partyvolk und jeder der sich dazuz\u00e4hlte, zu einem Abend mit der beliebten und bekannten Unterammergauer Band \u201eJANKA ROO\u201c in die Bayernhalle ein. Der darauffolgende Samstag stand dabei ganz im Zeichen der \u201eAu\u00dfenpr\u00e4sentation\u201c der Organisation. Als idealer Platz daf\u00fcr erwies sich der Richard-Strauss-Platz und die Fu\u00dfg\u00e4ngerzone. Gro\u00dfes Interesse herrschte gerade dann, als st\u00fcndlich die Schau\u00fcbungen der Sanit\u00e4tskolonne angesagt waren.<\/div>\n","protected":false},"excerpt":{"rendered":"<p>GAP \u2013 Drei Tage lang feierte sich die Sanit\u00e4tsbereitschaft Garmisch. Nicht ohne Grund! 100 Jahre Bestand bedeuten 100 Jahre Hilfsbereitschaft, 100 Jahre Dienst am N\u00e4chsten. Bereits am Freitag, 22. Juli luden die Sani`s das Partyvolk und jeder der sich dazuz\u00e4hlte, zu einem Abend mit der beliebten und bekannten Unterammergauer Band \u201eJANKA ROO\u201c in die Bayernhalle ein. Der darauffolgende Samstag stand<\/p>\n","protected":false},"author":4,"featured_media":0,"comment_status":"closed","ping_status":"open","sticky":false,"template":"","format":"standard","meta":[],"categories":[2],"tags":[],"_links":{"self":[{"href":"http:\/\/cms.mtsomnii.de\/w7\/wp-json\/wp\/v2\/posts\/11896"}],"collection":[{"href":"http:\/\/cms.mtsomnii.de\/w7\/wp-json\/wp\/v2\/posts"}],"about":[{"href":"http:\/\/cms.mtsomnii.de\/w7\/wp-json\/wp\/v2\/types\/post"}],"author":[{"embeddable":true,"href":"http:\/\/cms.mtsomnii.de\/w7\/wp-json\/wp\/v2\/users\/4"}],"replies":[{"embeddable":true,"href":"http:\/\/cms.mtsomnii.de\/w7\/wp-json\/wp\/v2\/comments?post=11896"}],"version-history":[{"count":0,"href":"http:\/\/cms.mtsomnii.de\/w7\/wp-json\/wp\/v2\/posts\/11896\/revisions"}],"wp:attachment":[{"href":"http:\/\/cms.mtsomnii.de\/w7\/wp-json\/wp\/v2\/media?parent=11896"}],"wp:term":[{"taxonomy":"category","embeddable":true,"href":"http:\/\/cms.mtsomnii.de\/w7\/wp-json\/wp\/v2\/categories?post=11896"},{"taxonomy":"post_tag","embeddable":true,"href":"http:\/\/cms.mtsomnii.de\/w7\/wp-json\/wp\/v2\/tags?post=11896"}],"curies":[{"name":"wp","href":"https:\/\/api.w.org\/{rel}","templated":true}]}}